[{"@context":"https:\/\/schema.org\/","@type":"Article","@id":"https:\/\/www.skvelydomov.cz\/vadi-vam-horka-a-nemuzete-spat\/#Article","mainEntityOfPage":"https:\/\/www.skvelydomov.cz\/vadi-vam-horka-a-nemuzete-spat\/","headline":"Vad\u00ed v\u00e1m horka a nem\u016f\u017eete sp\u00e1t?","name":"Vad\u00ed v\u00e1m horka a nem\u016f\u017eete sp\u00e1t?","description":"Pak si po\u0159i\u010fte v\u011btr\u00e1k do lo\u017enice, kter\u00fd je z\u00e1rove\u0148 i designov\u00fdm dopl\u0148kem, a nav\u00edc um\u00ed nejen sv\u00edtit, ale i ochlazovat vzduch. Mo\u017en\u00e1 si \u0159\u00edk\u00e1te, pro\u010d \u0159e\u0161it dusna a tepl\u00e9 po\u010das\u00ed na podzim? To proto, \u017ee \u010das let\u00ed, v\u017edy\u0165 kdy\u017e se jen ohl\u00e9dnete, p\u0159ed p\u00e1r m\u011bs\u00edci jste slavili Nov\u00fd rok a u\u017e jsou p\u0159ed dve\u0159mi v\u00e1no\u010dn\u00ed ... <a title=\"Vad\u00ed v\u00e1m horka a nem\u016f\u017eete sp\u00e1t?\" class=\"read-more\" href=\"https:\/\/www.skvelydomov.cz\/vadi-vam-horka-a-nemuzete-spat\/\" aria-label=\"V\u00edce na Vad\u00ed v\u00e1m horka a nem\u016f\u017eete sp\u00e1t?\">\u010c\u00edst d\u00e1l<\/a>","datePublished":"2020-11-13","dateModified":"2023-05-04","author":{"@type":"Person","@id":"https:\/\/www.skvelydomov.cz\/author\/#Person","name":"","url":"https:\/\/www.skvelydomov.cz\/author\/","image":{"@type":"ImageObject","@id":"https:\/\/secure.gravatar.com\/avatar\/75e4d40f94885f01aa9441f03c1e175b?s=96&d=mm&r=g","url":"https:\/\/secure.gravatar.com\/avatar\/75e4d40f94885f01aa9441f03c1e175b?s=96&d=mm&r=g","height":96,"width":96}},"publisher":{"@type":"Organization","name":"skvelydomov.cz","logo":{"@type":"ImageObject","@id":"\/logo.png","url":"\/logo.png","width":600,"height":60}},"image":{"@type":"ImageObject","@id":"https:\/\/skvelydomov.cz\/wp-content\/uploads\/lo\u00c5\u00benice s netradi\u00c4\u008dn\u00c3\u00admi sv\u00c3\u00adtidly_NPfDSY.jpg","url":"https:\/\/skvelydomov.cz\/wp-content\/uploads\/lo\u00c5\u00benice s netradi\u00c4\u008dn\u00c3\u00admi sv\u00c3\u00adtidly_NPfDSY.jpg","height":"","width":""},"url":"https:\/\/www.skvelydomov.cz\/vadi-vam-horka-a-nemuzete-spat\/","about":["Lo\u017enice"],"wordCount":426,"articleBody":"Pak si po\u0159i\u010fte v\u011btr\u00e1k do lo\u017enice, kter\u00fd je z\u00e1rove\u0148 i designov\u00fdm dopl\u0148kem, a nav\u00edc um\u00ed nejen sv\u00edtit, ale i ochlazovat vzduch. Mo\u017en\u00e1 si \u0159\u00edk\u00e1te, pro\u010d \u0159e\u0161it dusna a tepl\u00e9 po\u010das\u00ed na podzim? To proto, \u017ee \u010das let\u00ed, v\u017edy\u0165 kdy\u017e se jen ohl\u00e9dnete, p\u0159ed p\u00e1r m\u011bs\u00edci jste slavili Nov\u00fd rok a u\u017e jsou p\u0159ed dve\u0159mi v\u00e1no\u010dn\u00ed sv\u00e1tky &hellip;Je dobr\u00e9 b\u00fdt p\u0159ipraveni a jakmile uhod\u00ed nesnesiteln\u00e1 horka, vy u\u017e budete nachyst\u00e1ni a sp\u00e1t budete i p\u0159i t\u0159iceti stupn\u00edch, kam a\u017e vy\u0161plh\u00e1 teplom\u011br, jako nemluv\u0148ata. Dejte ale pozor, nejedn\u00e1 se o obvykl\u00fd stropn\u00ed ventil\u00e1tor se t\u0159emi \u010dty\u0159mi &bdquo;lopatkami&ldquo;, ale mnohem v\u00edce vylep\u0161en\u00fd, ba p\u0159\u00edmo vytun\u011bn\u00fd ventil\u00e1tor!Jeho hlavn\u00ed \u010dinnost\u00ed je rozproudit vzduch v&nbsp;m\u00edstnosti a t\u00edm n\u00e1s pocitov\u011b ochlazovat, tzn. \u017ee neochlazuje m\u00edstnost, ale n\u00e1s, a to je d\u016fle\u017eit\u00e9. Jeho mont\u00e1\u017e je pro zru\u010dn\u00e9ho man\u017eela snadn\u00e1, ale kdy\u017e si s&nbsp;n\u00ed neporad\u00ed, zasko\u010d\u00ed \u0161ikovn\u00fd elektrik\u00e1\u0159. Velkou v\u00fdhodou ventil\u00e1toru je mnohem ni\u017e\u0161\u00ed po\u0159izovac\u00ed cena, ne\u017e kdybyste si zakoupili a nainstalovali klimatizaci. Nav\u00edc dok\u00e1\u017ee i u\u0161et\u0159it v&nbsp;zim\u011b n\u00e1klady na topen\u00ed d\u00edky takov\u00e9 vychyt\u00e1vce, jakou je zp\u011btn\u00fd chod a je energeticky mnohem m\u00e9n\u011b n\u00e1ro\u010dn\u011bj\u0161\u00ed ne\u017e zmi\u0148ovan\u00e1 klimatizace.&nbsp; Pocitov\u011b dok\u00e1\u017ee sn\u00ed\u017eit teplotu a\u017e o \u010dty\u0159i stupn\u011b, a to v&nbsp;letn\u00edch vedrech jist\u011b ka\u017ed\u00fd ocen\u00ed.Pokud se v&nbsp;l\u00e9t\u011b p\u0159evalujete a nem\u016f\u017eete sp\u00e1t d\u00edky vedru, pop\u0159em\u00fd\u0161lejte o v\u00fdm\u011bn\u011b stropn\u00edho sv\u00edtidla. Nam\u00edsto n\u011bho m\u016f\u017eete namontovat designov\u00fd ventil\u00e1tor, kter\u00fd bude p\u0159\u00edjemn\u00fdm nov\u00fdm dopl\u0148kem va\u0161\u00ed lo\u017enice. Samoz\u0159ejmost\u00ed je d\u00e1lkov\u00e9 ovl\u00e1d\u00e1n\u00ed. Nemus\u00edte vst\u00e1vat z&nbsp;p\u0159\u00edjemn\u011b vyh\u0159\u00e1t\u00e9 post\u00fdlky, abyste dos\u00e1hli na vyp\u00edna\u010d, ale vyp\u00edn\u00e1n\u00ed budete m\u00edt p\u011bkn\u011b u va\u0161\u00ed postele t\u0159eba v&nbsp;\u0161upl\u00edku a v\u017edy p\u0159i ruce. Kdykoliv ho m\u016f\u017eete zapnout, sn\u00ed\u017eit nebo zv\u00fd\u0161it ot\u00e1\u010dky, ba i rozsv\u00edtit. N\u011bkte\u0159\u00ed tito mazl\u00edci maj\u00ed nainstalovan\u00e9 i osv\u011btlen\u00ed, tak\u017ee zabijete dv\u011b mouchy jednou ranou.Pocitov\u011b se ochlazujete a kdy\u017e chcete, tak si na to i posv\u00edt\u00edte!"},{"@context":"https:\/\/schema.org\/","@type":"BreadcrumbList","itemListElement":[{"@type":"ListItem","position":1,"name":"Vad\u00ed v\u00e1m horka a nem\u016f\u017eete sp\u00e1t?","item":"https:\/\/www.skvelydomov.cz\/vadi-vam-horka-a-nemuzete-spat\/#breadcrumbitem"}]}]