[{"@context":"https:\/\/schema.org\/","@type":"Article","@id":"https:\/\/www.skvelydomov.cz\/terasa-je-dalsi-pokoj\/#Article","mainEntityOfPage":"https:\/\/www.skvelydomov.cz\/terasa-je-dalsi-pokoj\/","headline":"Terasa je dal\u0161\u00ed pokoj","name":"Terasa je dal\u0161\u00ed pokoj","description":"Ne v\u0161ude se poda\u0159\u00ed vybudovat terasu, zvl\u00e1\u0161t\u011b pokud nem\u00e1te vlastn\u00ed rodinn\u00fd domek se zahradou. Ale pot\u00e9 je p\u0159\u00edjemn\u00e9 z\u00e1zem\u00ed i na balkon\u011b. Zkr\u00e1tka kdy\u017e to po\u010das\u00ed dovol\u00ed, tak pro\u010d nevyu\u017e\u00edt \u010das pod \u0161irou oblohou. A samoz\u0159ejm\u011b, aby v\u00e1m zde bylo skute\u010dn\u011b dob\u0159e, tak je t\u0159eba, abyste si prostor za\u0159\u00eddili pohodln\u011b a stejn\u011b pe\u010dliv\u011b jako kdy\u017e ... <a title=\"Terasa je dal\u0161\u00ed pokoj\" class=\"read-more\" href=\"https:\/\/www.skvelydomov.cz\/terasa-je-dalsi-pokoj\/\" aria-label=\"V\u00edce na Terasa je dal\u0161\u00ed pokoj\">\u010c\u00edst d\u00e1l<\/a>","datePublished":"2021-03-02","dateModified":"2023-05-04","author":{"@type":"Person","@id":"https:\/\/www.skvelydomov.cz\/author\/#Person","name":"","url":"https:\/\/www.skvelydomov.cz\/author\/","image":{"@type":"ImageObject","@id":"https:\/\/secure.gravatar.com\/avatar\/75e4d40f94885f01aa9441f03c1e175b?s=96&d=mm&r=g","url":"https:\/\/secure.gravatar.com\/avatar\/75e4d40f94885f01aa9441f03c1e175b?s=96&d=mm&r=g","height":96,"width":96}},"publisher":{"@type":"Organization","name":"skvelydomov.cz","logo":{"@type":"ImageObject","@id":"\/logo.png","url":"\/logo.png","width":600,"height":60}},"image":{"@type":"ImageObject","@id":"https:\/\/skvelydomov.cz\/wp-content\/uploads\/posezen\u00c3\u00ad venku_YyAzKq.jpg","url":"https:\/\/skvelydomov.cz\/wp-content\/uploads\/posezen\u00c3\u00ad venku_YyAzKq.jpg","height":"","width":""},"url":"https:\/\/www.skvelydomov.cz\/terasa-je-dalsi-pokoj\/","about":["Zahrada"],"wordCount":420,"articleBody":"Ne v\u0161ude se poda\u0159\u00ed vybudovat terasu, zvl\u00e1\u0161t\u011b pokud nem\u00e1te vlastn\u00ed rodinn\u00fd domek se zahradou. Ale pot\u00e9 je p\u0159\u00edjemn\u00e9 z\u00e1zem\u00ed i na balkon\u011b. Zkr\u00e1tka kdy\u017e to po\u010das\u00ed dovol\u00ed, tak pro\u010d nevyu\u017e\u00edt \u010das pod \u0161irou oblohou. A samoz\u0159ejm\u011b, aby v\u00e1m zde bylo skute\u010dn\u011b dob\u0159e, tak je t\u0159eba, abyste si prostor za\u0159\u00eddili pohodln\u011b a stejn\u011b pe\u010dliv\u011b jako kdy\u017e si za\u0159izujete sv\u016fj interi\u00e9r doma. A pokud se jedn\u00e1 o terasu, tak jste v&nbsp;podstat\u011b doma, ale vlastn\u011b i venku. Pro terasu je pot\u0159eba vybudovat p\u011bkn\u00fd a pevn\u00fd podklad, vybrat odpov\u00eddaj\u00edc\u00ed n\u00e1bytek a nesm\u00ed chyb\u011bt ani spr\u00e1vn\u00e9 zast\u00edn\u011bn\u00ed. V&nbsp;sou\u010dasn\u00e9 dob\u011b se d\u00e1 zakoupit i mnoho dal\u0161\u00edch praktick\u00fdch dopl\u0148k\u016f, kter\u00e9 prostor z\u00fatuln\u00ed a p\u0159\u00edjemn\u011b zabydl\u00ed.\tKdy\u017e slun\u00ed\u010dko p\u00e1l\u00edNikdo nem\u00e1 r\u00e1d, kdy\u017e jsou venku pl\u00edskanice, ale \u010dastokr\u00e1t i slun\u00ed\u010dka je dost. Je pravdou, \u017ee pobyt na \u010derstv\u00e9m vzduchu m\u00e1 dostatek sv\u00fdch v\u00fdhod, ale zkr\u00e1tka p\u0159ed pal\u010div\u00fdm slun\u00ed\u010dkem je t\u0159eba se rovn\u011b\u017e chr\u00e1nit. Mo\u017enost\u00ed je skute\u010dn\u011b hodn\u011b a z\u00e1le\u017e\u00ed jen na v\u00e1s, co si vyberete, p\u0159\u00edpadn\u011b jak\u00e9 v\u016fbec m\u00e1te mo\u017enosti.\t\tJednoduch\u00fd je slune\u010dn\u00edk. Jenom\u017ee probl\u00e9m je, \u017ee nedok\u00e1\u017ee zakr\u00fdt v\u0161echno a pokud nen\u00ed dostate\u010dn\u011b velk\u00fd, pot\u00e9 nen\u00ed ani moc p\u0159\u00ednosn\u00fd.\t\tM\u00f3dn\u00ed svinovac\u00ed plachty mohou b\u00fdt o n\u011bco v\u011bt\u0161\u00ed, ale ani ty nedok\u00e1\u017e\u00ed zast\u00ednit celou terasu.\t\tV\u00fdsuvn\u00e1 nebo kloubov\u00e1 mark\u00fdza je trochu vy\u0161\u0161\u00ed level. Zvl\u00e1dnou v&nbsp;pohod\u011b zast\u0159e\u0161it cel\u00fd prostor terasy nebo i balkonu. V\u00fdhodou je, \u017ee se daj\u00ed srolovat a tak\u00e9 kdy\u017e nejsou pot\u0159eba, mohou b\u00fdt sklizeny. V\u011bt\u0161inou jsou sto\u010deny do boxu, kter\u00fd nijak nep\u0159ek\u00e1\u017e\u00ed. Tak\u00e9 je kvalitn\u011bj\u0161\u00ed materi\u00e1l, aby obst\u00e1l p\u0159i manipulac\u00edch a pov\u011btrnostn\u00edch podm\u00ednk\u00e1ch.\t\tTrval\u00e9 zast\u0159e\u0161en\u00ed je rovn\u011b\u017e p\u0159\u00ednosn\u00e9, a pokud se zvol\u00ed tvrzen\u00e9 sklo, pr\u016fsvitn\u00fd plast, polykarbon\u00e1t \u010di sklolamin\u00e1t, tak jsou prostory dostate\u010dn\u011b prosv\u011btleny a dokonale chr\u00e1n\u00ed v\u0161echny na terase.Ka\u017ed\u00fd si samoz\u0159ejm\u011b p\u0159izp\u016fsob\u00ed venkovn\u00ed bydlen\u00ed sv\u00fdm pot\u0159eb\u00e1m, co\u017e je samoz\u0159ejm\u011b dob\u0159e, proto\u017ee i venku se ka\u017ed\u00fd m\u016f\u017ee c\u00edtit jako doma, pohodln\u011b a bezpe\u010dn\u011b."},{"@context":"https:\/\/schema.org\/","@type":"BreadcrumbList","itemListElement":[{"@type":"ListItem","position":1,"name":"Terasa je dal\u0161\u00ed pokoj","item":"https:\/\/www.skvelydomov.cz\/terasa-je-dalsi-pokoj\/#breadcrumbitem"}]}]