[{"@context":"https:\/\/schema.org\/","@type":"Article","@id":"https:\/\/www.skvelydomov.cz\/rozkvetla-zahrada-i-kdyz-dlouho-nezaprselo-i-to-je-mozne-ktere-druhy-rostlin-se-hodi-pro-zahradu-kdyz-je-nedostatek-vody\/#Article","mainEntityOfPage":"https:\/\/www.skvelydomov.cz\/rozkvetla-zahrada-i-kdyz-dlouho-nezaprselo-i-to-je-mozne-ktere-druhy-rostlin-se-hodi-pro-zahradu-kdyz-je-nedostatek-vody\/","headline":"Rozkvetl\u00e1 zahrada, i kdy\u017e dlouho nezapr\u0161elo? I to je mo\u017en\u00e9. Kter\u00e9 druhy rostlin se hod\u00ed pro zahradu, kdy\u017e je nedostatek vody?","name":"Rozkvetl\u00e1 zahrada, i kdy\u017e dlouho nezapr\u0161elo? I to je mo\u017en\u00e9. Kter\u00e9 druhy rostlin se hod\u00ed pro zahradu, kdy\u017e je nedostatek vody?","description":"R\u016fst rostlin a kyti\u010dek je v\u00e1z\u00e1n na mno\u017estv\u00ed vody. Ale ne v\u0161echny kytky pot\u0159ebuj\u00ed velk\u00e9 mno\u017estv\u00ed vody. V\u00a0posledn\u00edch letech se pot\u00fdk\u00e1me s\u00a0velk\u00fdm suchem, p\u016fda vysych\u00e1 a n\u011bkter\u00fdm rostlin\u00e1m se tak na zahrad\u011b neda\u0159\u00ed nejl\u00e9pe. Je pot\u0159eba je pravideln\u011b zal\u00e9vat ale vody st\u00e1le ub\u00fdv\u00e1. Jak to vy\u0159e\u0161it? Na\u0161t\u011bst\u00ed existuje velk\u00e1 \u0159ada druh\u016f rostlin, kter\u00fdm se bude ... <a title=\"Rozkvetl\u00e1 zahrada, i kdy\u017e dlouho nezapr\u0161elo? I to je mo\u017en\u00e9. Kter\u00e9 druhy rostlin se hod\u00ed pro zahradu, kdy\u017e je nedostatek vody?\" class=\"read-more\" href=\"https:\/\/www.skvelydomov.cz\/rozkvetla-zahrada-i-kdyz-dlouho-nezaprselo-i-to-je-mozne-ktere-druhy-rostlin-se-hodi-pro-zahradu-kdyz-je-nedostatek-vody\/\" aria-label=\"V\u00edce na Rozkvetl\u00e1 zahrada, i kdy\u017e dlouho nezapr\u0161elo? I to je mo\u017en\u00e9. Kter\u00e9 druhy rostlin se hod\u00ed pro zahradu, kdy\u017e je nedostatek vody?\">\u010c\u00edst d\u00e1l<\/a>","datePublished":"2020-02-26","dateModified":"2023-05-04","author":{"@type":"Person","@id":"https:\/\/www.skvelydomov.cz\/author\/#Person","name":"","url":"https:\/\/www.skvelydomov.cz\/author\/","image":{"@type":"ImageObject","@id":"https:\/\/secure.gravatar.com\/avatar\/75e4d40f94885f01aa9441f03c1e175b?s=96&d=mm&r=g","url":"https:\/\/secure.gravatar.com\/avatar\/75e4d40f94885f01aa9441f03c1e175b?s=96&d=mm&r=g","height":96,"width":96}},"publisher":{"@type":"Organization","name":"skvelydomov.cz","logo":{"@type":"ImageObject","@id":"\/logo.png","url":"\/logo.png","width":600,"height":60}},"image":{"@type":"ImageObject","@id":"https:\/\/skvelydomov.cz\/wp-content\/uploads\/img_a376578_w3561_t1588073116.jpg","url":"https:\/\/skvelydomov.cz\/wp-content\/uploads\/img_a376578_w3561_t1588073116.jpg","height":"","width":""},"url":"https:\/\/www.skvelydomov.cz\/rozkvetla-zahrada-i-kdyz-dlouho-nezaprselo-i-to-je-mozne-ktere-druhy-rostlin-se-hodi-pro-zahradu-kdyz-je-nedostatek-vody\/","about":["Zahrada"],"wordCount":431,"articleBody":"\tR\u016fst rostlin a kyti\u010dek je v\u00e1z\u00e1n na mno\u017estv\u00ed vody. Ale ne v\u0161echny kytky pot\u0159ebuj\u00ed velk\u00e9 mno\u017estv\u00ed vody. V\u00a0posledn\u00edch letech se pot\u00fdk\u00e1me s\u00a0velk\u00fdm suchem, p\u016fda vysych\u00e1 a n\u011bkter\u00fdm rostlin\u00e1m se tak na zahrad\u011b neda\u0159\u00ed nejl\u00e9pe. Je pot\u0159eba je pravideln\u011b zal\u00e9vat ale vody st\u00e1le ub\u00fdv\u00e1. Jak to vy\u0159e\u0161it? Na\u0161t\u011bst\u00ed existuje velk\u00e1 \u0159ada druh\u016f rostlin, kter\u00fdm se bude da\u0159it i s\u00a0minimem vody.\tMavu\u0148 \u010derven\u00e1O t\u00e9to suchomiln\u00e9 vytrval\u00e9 rostlin\u011b se traduje, \u017ee je vhodn\u00e1 pro ne moc aktivn\u00ed a sp\u00ed\u0161e pohodln\u00e9 majitele zahr\u00e1dek. Nepot\u0159ebuje toti\u017e t\u00e9m\u011b\u0159 \u017e\u00e1dnou zvl\u00e1\u0161tn\u00ed p\u00e9\u010di, a p\u0159esto se j\u00ed velmi dob\u0159e da\u0159\u00ed. Rostlina m\u00e1 r\u00e1da hodn\u011b slun\u00ed\u010dka a snese i m\u00e9n\u011b \u010dastou z\u00e1livku. Pokud roste v\u00a0polost\u00ednu, nebude tolik kv\u00e9st, ale ur\u010dit\u011b poroste. Pokud m\u00e1 naopak dostatek pot\u0159ebn\u00e9ho slun\u00ed\u010dka, kvete n\u00e1dhern\u011b. Mavu\u0148, jak u\u017e n\u00e1zev napov\u00edd\u00e1 m\u00e1 drobn\u00e9 \u010derven\u00e9 nebo r\u016f\u017eov\u00e9 kv\u011bty a moc hezky von\u00ed.\t\u0158eb\u0159\u00ed\u010dek tu\u017eebn\u00edkovit\u00fdDal\u0161\u00ed rostlinka, kter\u00e1 miluje slun\u00ed\u010dko. \u0158eb\u0159\u00ed\u010dek tu\u017eebn\u00edkovit\u00fd or\u016fst\u00e1 d\u00e9lky a\u017e 150 centimetr\u016f a kvete po cel\u00e9 l\u00e9to. M\u00e1 kr\u00e1sn\u00e9 \u017elut\u00e9 kv\u011bty a velmi v\u00fdrazn\u011b von\u00ed. Moc se ale net\u011b\u0161te, jeho v\u016fn\u011b je sp\u00ed\u0161e naho\u0159kl\u00e1. Pot\u011b\u0161\u00ed ov\u0161em to, \u017ee je to velmi nen\u00e1ro\u010dn\u00e1 rostlinka a v\u016fbec se nemus\u00ed zal\u00e9vat. Sta\u010d\u00ed mu toti\u017e pouh\u00e9 de\u0161\u0165ov\u00e9 sr\u00e1\u017eky a to i v\u00a0p\u0159\u00edpad\u011b, \u017ee u v\u00e1s zapr\u0161\u00ed jen ob\u010das.\tLevandule l\u00e9ka\u0159sk\u00e1Levandule by nem\u011bla chyb\u011bt na \u017e\u00e1dn\u00e9 zahr\u00e1dce. Jde o l\u00e9\u010divou a siln\u011b aromatickou rostlinku, kter\u00e1 je velmi nen\u00e1ro\u010dn\u00e1 na p\u011bstov\u00e1n\u00ed. Zkr\u00e1\u0161l\u00ed celou zahradu sv\u00fdmi drobn\u00fdmi fialov\u00fdmi kv\u011bty, daj\u00ed se s\u00a0jej\u00ed pomoc\u00ed zaj\u00edmav\u011b olemovat cesti\u010dky v\u00a0zahr\u00e1dce a slu\u0161\u00ed i skalk\u00e1m. Levandule m\u00e1 \u0159adu v\u00fdhod a jde o jednu z\u00a0nejobl\u00edben\u011bj\u0161\u00edch bylinek, kter\u00e1 z\u00e1rove\u0148 poslou\u017e\u00ed i jako okrasn\u00e1 rostlinka. Je mo\u017en\u00e9 j\u00ed tak\u00e9 su\u0161it a pak vyu\u017e\u00edt doma v\u00a0interi\u00e9ru. Ke sv\u00e9mu r\u016fstu pot\u0159ebuje levandule op\u011bt hlavn\u011b hodn\u011b slun\u00ed\u010dka a dob\u0159e propustnou p\u016fdu. Pokud takovou na sv\u00e9 zahr\u00e1dce nem\u00e1te, nevad\u00ed, je toti\u017e mo\u017en\u00e9 p\u011bstovat levanduli i v\u00a0n\u00e1dob\u00e1ch a ne p\u0159\u00edmo v\u00a0zemi."},{"@context":"https:\/\/schema.org\/","@type":"BreadcrumbList","itemListElement":[{"@type":"ListItem","position":1,"name":"Rozkvetl\u00e1 zahrada, i kdy\u017e dlouho nezapr\u0161elo? I to je mo\u017en\u00e9. Kter\u00e9 druhy rostlin se hod\u00ed pro zahradu, kdy\u017e je nedostatek vody?","item":"https:\/\/www.skvelydomov.cz\/rozkvetla-zahrada-i-kdyz-dlouho-nezaprselo-i-to-je-mozne-ktere-druhy-rostlin-se-hodi-pro-zahradu-kdyz-je-nedostatek-vody\/#breadcrumbitem"}]}]