[{"@context":"https:\/\/schema.org\/","@type":"Article","@id":"https:\/\/www.skvelydomov.cz\/prakticke-prostirani-jako-dekorace-na-jidelnim-stole\/#Article","mainEntityOfPage":"https:\/\/www.skvelydomov.cz\/prakticke-prostirani-jako-dekorace-na-jidelnim-stole\/","headline":"Praktick\u00e9 prost\u00edr\u00e1n\u00ed jako dekorace na j\u00eddeln\u00edm stole","name":"Praktick\u00e9 prost\u00edr\u00e1n\u00ed jako dekorace na j\u00eddeln\u00edm stole","description":"Prost\u00edr\u00e1n\u00ed na j\u00eddeln\u00edm stole v\u011bt\u0161inou v\u0161ichni bereme jako samoz\u0159ejmost a to zejm\u00e9na z&nbsp;t\u00e9 praktick\u00e9 str\u00e1nky. Chr\u00e1n\u00ed n\u00e1\u0161 st\u016fl nebo ubrus p\u0159ed mastnotou a u\u0161pin\u011bn\u00edm, kter\u00e9mu se b\u011bhem j\u00eddla ob\u010das zkr\u00e1tka nevyhneme. Ov\u0161em prost\u00edr\u00e1n\u00ed v\u016fbec nemus\u00ed b\u00fdt pouze praktick\u00fdm dopl\u0148kem na j\u00eddeln\u00edm stole. Pokud ho dob\u0159e zvol\u00edte, z\u00edsk\u00e1te tak i skv\u011blou dekoraci, kter\u00e1 umocn\u00ed celkov\u00fd design ... <a title=\"Praktick\u00e9 prost\u00edr\u00e1n\u00ed jako dekorace na j\u00eddeln\u00edm stole\" class=\"read-more\" href=\"https:\/\/www.skvelydomov.cz\/prakticke-prostirani-jako-dekorace-na-jidelnim-stole\/\" aria-label=\"V\u00edce na Praktick\u00e9 prost\u00edr\u00e1n\u00ed jako dekorace na j\u00eddeln\u00edm stole\">\u010c\u00edst d\u00e1l<\/a>","datePublished":"2020-02-15","dateModified":"2023-05-04","author":{"@type":"Person","@id":"https:\/\/www.skvelydomov.cz\/author\/#Person","name":"","url":"https:\/\/www.skvelydomov.cz\/author\/","image":{"@type":"ImageObject","@id":"https:\/\/secure.gravatar.com\/avatar\/75e4d40f94885f01aa9441f03c1e175b?s=96&d=mm&r=g","url":"https:\/\/secure.gravatar.com\/avatar\/75e4d40f94885f01aa9441f03c1e175b?s=96&d=mm&r=g","height":96,"width":96}},"publisher":{"@type":"Organization","name":"skvelydomov.cz","logo":{"@type":"ImageObject","@id":"\/logo.png","url":"\/logo.png","width":600,"height":60}},"image":{"@type":"ImageObject","@id":"https:\/\/skvelydomov.cz\/wp-content\/uploads\/img_a376572_w3565_t1588070961.jpg","url":"https:\/\/skvelydomov.cz\/wp-content\/uploads\/img_a376572_w3565_t1588070961.jpg","height":"","width":""},"url":"https:\/\/www.skvelydomov.cz\/prakticke-prostirani-jako-dekorace-na-jidelnim-stole\/","about":["Dekorace"],"wordCount":498,"articleBody":"Prost\u00edr\u00e1n\u00ed na j\u00eddeln\u00edm stole v\u011bt\u0161inou v\u0161ichni bereme jako samoz\u0159ejmost a to zejm\u00e9na z&nbsp;t\u00e9 praktick\u00e9 str\u00e1nky. Chr\u00e1n\u00ed n\u00e1\u0161 st\u016fl nebo ubrus p\u0159ed mastnotou a u\u0161pin\u011bn\u00edm, kter\u00e9mu se b\u011bhem j\u00eddla ob\u010das zkr\u00e1tka nevyhneme. Ov\u0161em prost\u00edr\u00e1n\u00ed v\u016fbec nemus\u00ed b\u00fdt pouze praktick\u00fdm dopl\u0148kem na j\u00eddeln\u00edm stole. Pokud ho dob\u0159e zvol\u00edte, z\u00edsk\u00e1te tak i skv\u011blou dekoraci, kter\u00e1 umocn\u00ed celkov\u00fd design va\u0161\u00ed kuchyn\u011b nebo j\u00eddelny.\tV&nbsp;jednoduchosti je kr\u00e1saZ\u00e1le\u017e\u00ed na va\u0161em vkusu a tak\u00e9 na tom, jak m\u00e1te lad\u011bn\u00fd interi\u00e9r. Ur\u010dit\u011b se ale nebojte barev a to zejm\u00e9na te\u010f na ja\u0159e. Stolu bude slu\u0161et jednoduch\u00e9 a jednobarevn\u00e9 prost\u00edr\u00e1n\u00ed. Chce to ov\u0161em zvolit v\u00fdrazn\u011bj\u0161\u00ed barvu. B\u00edl\u00e1 je v&nbsp;tomto p\u0159\u00edpad\u011b nejen nudn\u00e1 ale tak\u00e9 dost nepraktick\u00e1 barva. Pokud m\u00e1te nap\u0159\u00edklad b\u00edl\u00fd j\u00eddeln\u00ed st\u016fl, skv\u011ble se na n\u011bm budou vyj\u00edmat syt\u00e9 a jasn\u00e9 barvy jako je modr\u00e1, zelen\u00e1 nebo r\u016f\u017eov\u00e1.\tV&nbsp;kreativit\u011b se meze nekladouPokud jste sp\u00ed\u0161e kreativn\u00ed du\u0161e, ur\u010dit\u011b jd\u011bte do vzor\u016f. Vzorovan\u00e9 prost\u00edr\u00e1n\u00ed dod\u00e1 j\u00eddeln\u00edmu stolu \u0161mrnc. M\u016f\u017ee to b\u00fdt kostkovan\u00e9 prost\u00edr\u00e1n\u00ed, mozaika nebo vlastnoru\u010dn\u011b vyroben\u00e9 prost\u00edr\u00e1n\u00ed z&nbsp;jednotliv\u00fdch barevn\u00fdch pruh\u016f l\u00e1tky. Nezapome\u0148te, \u017ee korkov\u00e9 prost\u00edr\u00e1n\u00ed u\u017e d\u00e1vno v&nbsp;m\u00f3d\u011b nen\u00ed, zam\u011b\u0159te se i na jin\u00e9 a modern\u011bj\u0161\u00ed materi\u00e1ly.\tAby se dalo dob\u0159e udr\u017eovat v&nbsp;\u010distot\u011bNa v\u00fdb\u011bru materi\u00e1lu tak\u00e9 z\u00e1le\u017e\u00ed. I sebekr\u00e1sn\u011bj\u0161\u00ed prost\u00edr\u00e1n\u00ed v\u00e1m dlouho nevydr\u017e\u00ed, pokud nebude z&nbsp;omyvateln\u00e9ho nebo prateln\u00e9ho materi\u00e1lu. Proto volte rad\u011bji l\u00e1tkov\u00e9 prost\u00edr\u00e1n\u00ed nebo vsa\u010fte na modern\u00ed laminaci. Koneckonc\u016f pr\u00e1v\u011b touto technikou si m\u016f\u017eete navrhnout a vytvo\u0159it sv\u00e9 vlastn\u00ed a origin\u00e1ln\u00ed prost\u00edr\u00e1n\u00ed.Laminovac\u00ed strojek doma sice nem\u00e1 \u00fapln\u011b ka\u017ed\u00fd, ale s&nbsp;t\u00edm v\u00e1m pomohou v&nbsp;kop\u00edrovac\u00edch centrech. Sta\u010d\u00ed, kdy\u017e vymysl\u00edte, co do f\u00f3lie budete cht\u00edt vlo\u017eit. D\u00edky tomu si m\u016f\u017eete na j\u00eddeln\u00edm stole vytvo\u0159it skute\u010dn\u011b origin\u00e1ln\u00ed prost\u00edr\u00e1n\u00ed, kter\u00e9 nikdo m\u00edt nebude. Pokud r\u00e1di \u010dtete, mohou to b\u00fdt nap\u0159\u00edklad str\u00e1nky va\u0161\u00ed star\u00e9 knihy, kter\u00e1 u\u017e po letech nedr\u017e\u00ed pohromad\u011b a nebude v\u00e1m ji l\u00edto vyu\u017e\u00edt t\u00edmto zp\u016fsobem. Do f\u00f3lie se daj\u00ed ale d\u00e1t i ti\u0161t\u011bn\u00e9 fotografie, obr\u00e1zky, star\u00e9 noviny nebo nap\u0159\u00edklad noty. T\u00edmto zp\u016fsobem vznikne prost\u00edr\u00e1n\u00ed z&nbsp;kol\u00e1\u017ee, kter\u00e1 bude odr\u00e1\u017eet v\u00e1s a va\u0161i rodinu, p\u0159esn\u011b takovou jak\u00e1 je."},{"@context":"https:\/\/schema.org\/","@type":"BreadcrumbList","itemListElement":[{"@type":"ListItem","position":1,"name":"Praktick\u00e9 prost\u00edr\u00e1n\u00ed jako dekorace na j\u00eddeln\u00edm stole","item":"https:\/\/www.skvelydomov.cz\/prakticke-prostirani-jako-dekorace-na-jidelnim-stole\/#breadcrumbitem"}]}]