[{"@context":"https:\/\/schema.org\/","@type":"Article","@id":"https:\/\/www.skvelydomov.cz\/potrebny-prostor-pro-kuchynske-potreby\/#Article","mainEntityOfPage":"https:\/\/www.skvelydomov.cz\/potrebny-prostor-pro-kuchynske-potreby\/","headline":"Pot\u0159ebn\u00fd prostor pro kuchy\u0148sk\u00e9 pot\u0159eby","name":"Pot\u0159ebn\u00fd prostor pro kuchy\u0148sk\u00e9 pot\u0159eby","description":"Pl\u00e1nujete novou kuchy\u0148, kterou si nech\u00e1v\u00e1te d\u011blat na m\u00edru a rozhodujete se jak\u00e9 zvolit um\u00edst\u011bn\u00ed sk\u0159\u00edn\u011bk a pot\u0159ebn\u00fdch \u0161upl\u00edk\u016f, abyste m\u011bli v\u0161e pot\u0159ebn\u00e9 kam d\u00e1t? Nen\u00ed to jednoduch\u00e9 a rad\u011bji si na pl\u00e1nov\u00e1n\u00ed vezm\u011bte v\u00edce \u010dasu. M\u016f\u017ee se st\u00e1t, \u017ee po zad\u00e1n\u00ed v\u00fdrobci si vzpomenete na dal\u0161\u00ed pot\u0159ebn\u00e9 p\u0159ihr\u00e1dky, kter\u00e9 by se v\u00e1m hodily a ... <a title=\"Pot\u0159ebn\u00fd prostor pro kuchy\u0148sk\u00e9 pot\u0159eby\" class=\"read-more\" href=\"https:\/\/www.skvelydomov.cz\/potrebny-prostor-pro-kuchynske-potreby\/\" aria-label=\"V\u00edce na Pot\u0159ebn\u00fd prostor pro kuchy\u0148sk\u00e9 pot\u0159eby\">\u010c\u00edst d\u00e1l<\/a>","datePublished":"2021-04-27","dateModified":"2023-05-04","author":{"@type":"Person","@id":"https:\/\/www.skvelydomov.cz\/author\/#Person","name":"","url":"https:\/\/www.skvelydomov.cz\/author\/","image":{"@type":"ImageObject","@id":"https:\/\/secure.gravatar.com\/avatar\/75e4d40f94885f01aa9441f03c1e175b?s=96&d=mm&r=g","url":"https:\/\/secure.gravatar.com\/avatar\/75e4d40f94885f01aa9441f03c1e175b?s=96&d=mm&r=g","height":96,"width":96}},"publisher":{"@type":"Organization","name":"skvelydomov.cz","logo":{"@type":"ImageObject","@id":"\/logo.png","url":"\/logo.png","width":600,"height":60}},"image":{"@type":"ImageObject","@id":"https:\/\/skvelydomov.cz\/wp-content\/uploads\/kuchyn\u00c4\u009b_lbeK2D.jpg","url":"https:\/\/skvelydomov.cz\/wp-content\/uploads\/kuchyn\u00c4\u009b_lbeK2D.jpg","height":"","width":""},"url":"https:\/\/www.skvelydomov.cz\/potrebny-prostor-pro-kuchynske-potreby\/","about":["Kuchyn\u011b"],"wordCount":459,"articleBody":"Pl\u00e1nujete novou kuchy\u0148, kterou si nech\u00e1v\u00e1te d\u011blat na m\u00edru a rozhodujete se jak\u00e9 zvolit um\u00edst\u011bn\u00ed sk\u0159\u00edn\u011bk a pot\u0159ebn\u00fdch \u0161upl\u00edk\u016f, abyste m\u011bli v\u0161e pot\u0159ebn\u00e9 kam d\u00e1t? Nen\u00ed to jednoduch\u00e9 a rad\u011bji si na pl\u00e1nov\u00e1n\u00ed vezm\u011bte v\u00edce \u010dasu. M\u016f\u017ee se st\u00e1t, \u017ee po zad\u00e1n\u00ed v\u00fdrobci si vzpomenete na dal\u0161\u00ed pot\u0159ebn\u00e9 p\u0159ihr\u00e1dky, kter\u00e9 by se v\u00e1m hodily a u\u017e nebudete moci svou objedn\u00e1vku pozm\u011bnit. Kdy\u017e to vezmeme p\u011bkn\u011b od podlahy. Budete pot\u0159ebovat m\u011blk\u00fd \u0161upl\u00edk na p\u0159\u00edbory, va\u0159e\u010dky, peroutka, \u0161krabky na zeleninu, ma\u010dka\u010d na \u010desnek, ostr\u00e9 steakov\u00e9 no\u017ee a klasick\u00e9 no\u017ee. Ten je velice d\u016fle\u017eit\u00fd a mus\u00ed b\u00fdt dostate\u010dn\u011b velk\u00fd. Pak je dobr\u00e9 m\u00edt hlub\u0161\u00ed v\u00fdsuvn\u00fd reg\u00e1l na hrnce a p\u00e1nve. N\u011bkte\u0159\u00ed vol\u00ed rad\u011bji sk\u0159\u00ed\u0148ku s otev\u00edrateln\u00fdmi dv\u00ed\u0159ky.Rozhodn\u011b jde oboj\u00ed a z\u00e1le\u017e\u00ed na va\u0161im pohodl\u00ed.&nbsp; D\u00e1le je vhodn\u00e9, pot\u0159ebn\u00e9 m\u00edsto pro pokli\u010dky na hrnce a p\u00e1nve, kter\u00e9 mohou b\u00fdt ulo\u017eeny spole\u010dn\u011b s prk\u00e9nky na zeleninu, maso, pe\u010divo a dal\u0161\u00ed. Horn\u00ed poli\u010dky v\u011bt\u0161inou zab\u00edraj\u00ed m\u00edsto pro skleni\u010dky, hrnky, tal\u00ed\u0159e m\u011blk\u00e9, hlubok\u00e9 a mal\u00e9. Stejn\u011b tak se daj\u00ed nahoru um\u00edstit misky, \u0161tamprlata a skleni\u010dky na v\u00edno. N\u011bkter\u00e9 horn\u00ed sk\u0159\u00ed\u0148ky b\u00fdvaj\u00ed prosklen\u00e9 a slou\u017e\u00ed pro p\u011bkn\u00e9 v\u00fdstavn\u00ed n\u00e1dob\u00ed. Nap\u0159\u00edklad pro porcel\u00e1novou sadu s okrasn\u00fdm zdoben\u00edm. Nebo pro k\u0159i\u0161\u0165\u00e1lov\u00e9 skleni\u010dky. D\u00e1le byste m\u011bli myslet na prostor pro odpadkov\u00fd ko\u0161, tak abyste ho m\u011bli st\u00e1le v kuchyni po ruce.V\u011bt\u0161inou se umis\u0165uje pobl\u00ed\u017e d\u0159ezu. Kde se vejdou i myc\u00ed prost\u0159edky na n\u00e1dob\u00ed a \u00faklid. Jestli r\u00e1di pe\u010dete a m\u00e1te doma velk\u00fd prostorn\u00fd v\u00e1l na v\u00e1len\u00ed t\u011bst, m\u011bli byste myslet i na \u00fazkou a vysokou sk\u0159\u00ed\u0148ku nebo reg\u00e1l, kam by se dal v\u00e1l schovat. M\u016f\u017eete zvolit uchycen\u00ed v\u00e1lu jen pomoc\u00ed bo\u010dn\u00edch podp\u011br nebo nechat ud\u011blat p\u0159\u00edmo reg\u00e1l, kter\u00fd m\u016f\u017eete vyu\u017e\u00edt i na plechy. Ty v\u011bt\u0161inou m\u00edvaj\u00ed sv\u00e9 speci\u00e1ln\u00ed pod troubou. D\u00e1le je dobr\u00e9 myslet na skladov\u00e1n\u00ed pe\u010diva. Nechcete, aby se v\u00e1m v\u00e1lelo na lince ka\u017ed\u00fd den. Je dobr\u00e9 o uschovat v hlubok\u00e9m \u0161upl\u00edku. Nebude tak na o\u010d\u00edch a bude hned po ruce. V\u00e1\u017en\u011b je toho hodn\u011b, tak v\u0161e d\u016fkladn\u011b promyslete."},{"@context":"https:\/\/schema.org\/","@type":"BreadcrumbList","itemListElement":[{"@type":"ListItem","position":1,"name":"Pot\u0159ebn\u00fd prostor pro kuchy\u0148sk\u00e9 pot\u0159eby","item":"https:\/\/www.skvelydomov.cz\/potrebny-prostor-pro-kuchynske-potreby\/#breadcrumbitem"}]}]