[{"@context":"https:\/\/schema.org\/","@type":"Article","@id":"https:\/\/www.skvelydomov.cz\/opticke-zvetseni-prostoru\/#Article","mainEntityOfPage":"https:\/\/www.skvelydomov.cz\/opticke-zvetseni-prostoru\/","headline":"Optick\u00e9 zv\u011bt\u0161en\u00ed prostoru","name":"Optick\u00e9 zv\u011bt\u0161en\u00ed prostoru","description":"Jak zv\u011bt\u0161it optick\u00e9 mal\u00e9 stinn\u00e9 prostory, tak aby na prv\u00ed pohled nevypadali tak \u00fazk\u00e9 a tmav\u00e9. D\u00e1me v\u00e1m p\u00e1r rad jak na to. Rozhodn\u011b nevolte \u017e\u00e1dn\u00e9 tmav\u00e9 barvy do t\u011bchto prostor\u016f. T\u00edm byste zajistili jen v\u011bt\u0161\u00ed tmu a prostoru by to v\u016fbec neprosp\u011blo. Prvn\u00ed pomoc\u00ed je vymalov\u00e1n\u00ed prostor\u016f na sv\u011btl\u00e9 barvy. Bu\u010f \u010dist\u011b b\u00edlou nebo ... <a title=\"Optick\u00e9 zv\u011bt\u0161en\u00ed prostoru\" class=\"read-more\" href=\"https:\/\/www.skvelydomov.cz\/opticke-zvetseni-prostoru\/\" aria-label=\"V\u00edce na Optick\u00e9 zv\u011bt\u0161en\u00ed prostoru\">\u010c\u00edst d\u00e1l<\/a>","datePublished":"2021-05-01","dateModified":"2023-05-04","author":{"@type":"Person","@id":"https:\/\/www.skvelydomov.cz\/author\/#Person","name":"","url":"https:\/\/www.skvelydomov.cz\/author\/","image":{"@type":"ImageObject","@id":"https:\/\/secure.gravatar.com\/avatar\/75e4d40f94885f01aa9441f03c1e175b?s=96&d=mm&r=g","url":"https:\/\/secure.gravatar.com\/avatar\/75e4d40f94885f01aa9441f03c1e175b?s=96&d=mm&r=g","height":96,"width":96}},"publisher":{"@type":"Organization","name":"skvelydomov.cz","logo":{"@type":"ImageObject","@id":"\/logo.png","url":"\/logo.png","width":600,"height":60}},"image":{"@type":"ImageObject","@id":"https:\/\/skvelydomov.cz\/wp-content\/uploads\/bytov\u00c3\u00a9 domy_zSwxIQ.jpg","url":"https:\/\/skvelydomov.cz\/wp-content\/uploads\/bytov\u00c3\u00a9 domy_zSwxIQ.jpg","height":"","width":""},"url":"https:\/\/www.skvelydomov.cz\/opticke-zvetseni-prostoru\/","about":["Ob\u00fdvac\u00ed pokoj"],"wordCount":414,"articleBody":"Jak zv\u011bt\u0161it optick\u00e9 mal\u00e9 stinn\u00e9 prostory, tak aby na prv\u00ed pohled nevypadali tak \u00fazk\u00e9 a tmav\u00e9. D\u00e1me v\u00e1m p\u00e1r rad jak na to.Rozhodn\u011b nevolte \u017e\u00e1dn\u00e9 tmav\u00e9 barvy do t\u011bchto prostor\u016f. T\u00edm byste zajistili jen v\u011bt\u0161\u00ed tmu a prostoru by to v\u016fbec neprosp\u011blo. Prvn\u00ed pomoc\u00ed je vymalov\u00e1n\u00ed prostor\u016f na sv\u011btl\u00e9 barvy. Bu\u010f \u010dist\u011b b\u00edlou nebo jemn\u00e9 b\u00e9\u017eovou, \u010di jemn\u011b \u017elutou. Nepou\u0161t\u011bla bych se do \u017e\u00e1dn\u00fdch velk\u00fdch experiment\u016f. B\u00edl\u00e1 barva v\u00e1m zajist\u00ed nejv\u00edce sv\u011btla. Je to barva \u010distoty a jemnosti. St\u011bny se tak zdaj\u00ed opticky v\u011bt\u0161\u00ed, ne\u017e kdy\u017e st\u011bny vymalujeme v\u00fdrazn\u00fdmi tmav\u00fdmi barvy.Druhou radou je prostor nezahlcovat velk\u00fdm po\u010dtem v\u011bc\u00ed. \u010c\u00edm v\u00edce v\u011bc\u00ed a n\u00e1bytku do mal\u00e9ho prostoru naskl\u00e1d\u00e1te, t\u00edm to bude hor\u0161\u00ed. Myslete na po\u0159ekadlo.&nbsp; V jednoduchosti je kr\u00e1sa. Mal\u00fd prostor zahlcen\u00fd v\u011bcmi nen\u00ed nic dobr\u00e9ho. Za chv\u00edli v\u00e1m to p\u0159eroste p\u0159es hlavu a pohyblivost je taky obt\u00ed\u017en\u00e1.Posledn\u00ed radou jak zv\u011bt\u0161it prostor je d\u00e1t na st\u011bnu zrcadlo. To v\u00e1m zajist\u00ed rozveden\u00ed sv\u011btla do m\u00edstnosti. M\u016f\u017eete si nechat ud\u011blat velk\u00e9 po cel\u00e9 d\u00e9lce nap\u0159\u00edklad mal\u00e9 chodbi\u010dky, ob\u00fdvac\u00edho pokoje a dal\u0161\u00edch. Jestli nechcete po\u0159izovat jeden velk\u00fd k\u016fs kv\u016fli nosnosti a upevn\u011bn\u00ed na st\u011bnu, m\u016f\u017eeme v\u00e1m doporu\u010dit n\u011bkolik men\u0161\u00edch poskl\u00e1dan\u00fdch vedle sebe. Zajist\u00edte t\u00edm kr\u00e1sn\u00fd design a budete m\u00edt p\u011bkn\u00e9 m\u00edsto, kde se m\u016f\u017eete pod\u00edvat, jak vypad\u00e1te, kdy\u017e budete cht\u00edt vyrazit ven.Samoz\u0159ejm\u011b \u00fadr\u017eba v\u00e1m n\u011bjakou dobu zabere, aby bylo zrcadlo \u010dist\u00e9 a vyle\u0161t\u011bn\u00e9. Ale stoj\u00ed to za to. Kr\u00e1sn\u011b v\u00e1m to opticky zv\u011bt\u0161\u00ed prostor, d\u00edky h\u00e1zej\u00edc\u00edm odraz\u016fm. Prosv\u011btl\u00ed d\u00edky denn\u00edmu sv\u011btlu. Rozhodn\u011b nevolte zrcadlov\u00e9 f\u00f3lie, kter\u00e9 se nalepuj\u00ed na r\u016fzn\u00e9 povrchy. Tyto f\u00f3lie nikdy nedoc\u00edl\u00ed jasn\u00e9ho a p\u011bkn\u00e9ho obrazu. Budete se d\u00edvat na rozmazanou siluetu n\u011bkoho, kdo stoj\u00ed p\u0159ed zrcadlovou foli\u00ed. Rozhodn\u011b to nem\u00e1 takov\u00fd dobr\u00fd dojem jako kvalitn\u00ed zrcadlo. Spousta lid\u00ed v\u00e1m ho ud\u011bl\u00e1 na m\u00edru i s or\u00e1mov\u00e1n\u00edm, kter\u00e9 v\u00e1m bude vyhovovat."},{"@context":"https:\/\/schema.org\/","@type":"BreadcrumbList","itemListElement":[{"@type":"ListItem","position":1,"name":"Optick\u00e9 zv\u011bt\u0161en\u00ed prostoru","item":"https:\/\/www.skvelydomov.cz\/opticke-zvetseni-prostoru\/#breadcrumbitem"}]}]