[{"@context":"https:\/\/schema.org\/","@type":"Article","@id":"https:\/\/www.skvelydomov.cz\/ocista-tela-v-davnych-dobach\/#Article","mainEntityOfPage":"https:\/\/www.skvelydomov.cz\/ocista-tela-v-davnych-dobach\/","headline":"O\u010dista t\u011bla v d\u00e1vn\u00fdch dob\u00e1ch","name":"O\u010dista t\u011bla v d\u00e1vn\u00fdch dob\u00e1ch","description":"Z dne\u0161n\u00edho \u00fahlu pohledu m\u00e1 \u0159e\u0161en\u00ed koupelny v\u011bt\u0161inou dan\u00e1 pravidla, kter\u00e1 se m\u011bn\u00ed jen v z\u00e1vislosti na velikosti t\u00e9to m\u00edstnosti. V koupeln\u011b by prost\u011b m\u011blo b\u00fdt alespo\u0148 jedno umyvadlo, sprchov\u00fd kout nebo vana. &#13; Zaj\u00edmav\u00e9 je nahl\u00e9dnout o n\u011bkolik tis\u00edc let zp\u011bt a pod\u00edvat se, jak hygienu \u0159e\u0161ili nap\u0159\u00edklad sta\u0159\u00ed \u0158\u00edman\u00e9 nebo \u0158ekov\u00e9.&#13; &#13; Nejprve ... <a title=\"O\u010dista t\u011bla v d\u00e1vn\u00fdch dob\u00e1ch\" class=\"read-more\" href=\"https:\/\/www.skvelydomov.cz\/ocista-tela-v-davnych-dobach\/\" aria-label=\"V\u00edce na O\u010dista t\u011bla v d\u00e1vn\u00fdch dob\u00e1ch\">\u010c\u00edst d\u00e1l<\/a>","datePublished":"2020-10-07","dateModified":"2023-05-04","author":{"@type":"Person","@id":"https:\/\/www.skvelydomov.cz\/author\/#Person","name":"","url":"https:\/\/www.skvelydomov.cz\/author\/","image":{"@type":"ImageObject","@id":"https:\/\/secure.gravatar.com\/avatar\/75e4d40f94885f01aa9441f03c1e175b?s=96&d=mm&r=g","url":"https:\/\/secure.gravatar.com\/avatar\/75e4d40f94885f01aa9441f03c1e175b?s=96&d=mm&r=g","height":96,"width":96}},"publisher":{"@type":"Organization","name":"skvelydomov.cz","logo":{"@type":"ImageObject","@id":"\/logo.png","url":"\/logo.png","width":600,"height":60}},"image":{"@type":"ImageObject","@id":"https:\/\/skvelydomov.cz\/wp-content\/uploads\/msk\u00c3\u00a9 l\u00c3\u00a1zn\u00c4\u009b_p8dx2U.jpg","url":"https:\/\/skvelydomov.cz\/wp-content\/uploads\/msk\u00c3\u00a9 l\u00c3\u00a1zn\u00c4\u009b_p8dx2U.jpg","height":"","width":""},"url":"https:\/\/www.skvelydomov.cz\/ocista-tela-v-davnych-dobach\/","about":["Koupelna"],"wordCount":413,"articleBody":"Z dne\u0161n\u00edho \u00fahlu pohledu m\u00e1 \u0159e\u0161en\u00ed koupelny v\u011bt\u0161inou dan\u00e1 pravidla, kter\u00e1 se m\u011bn\u00ed jen v z\u00e1vislosti na velikosti t\u00e9to m\u00edstnosti. V koupeln\u011b by prost\u011b m\u011blo b\u00fdt alespo\u0148 jedno umyvadlo, sprchov\u00fd kout nebo vana.&#13; Zaj\u00edmav\u00e9 je nahl\u00e9dnout o n\u011bkolik tis\u00edc let zp\u011bt a pod\u00edvat se, jak hygienu \u0159e\u0161ili nap\u0159\u00edklad sta\u0159\u00ed \u0158\u00edman\u00e9 nebo \u0158ekov\u00e9.&#13;&#13; Nejprve je zapot\u0159eb\u00ed \u0159\u00edct, \u017ee si oba tyto n\u00e1rody na \u010distot\u011b velice zakl\u00e1dali.&#13; &#13; &#13; D\u016fkazem jsou nap\u0159\u00edklad l\u00e1zn\u011b Stabian, kter\u00e9 byly objeven\u00e9 v Pompej\u00edch. Jednalo se o rozs\u00e1hl\u00fd komplex budov, ve kter\u00e9m bychom mohli nav\u0161t\u00edvit plaveck\u00fd baz\u00e9n, l\u00e1ze\u0148 s horkou vodou i parn\u00ed l\u00e1zn\u011b. N\u00e1v\u0161t\u011bvn\u00edci m\u011bli k dispozici i \u0161atny. Je jist\u00e9, \u017ee tyto l\u00e1zn\u011b nebyly ur\u010den\u00e9 pro ka\u017ed\u00e9ho a slou\u017eily sp\u00ed\u0161e jako m\u00edsto spole\u010densk\u00e9ho setk\u00e1v\u00e1n\u00ed.&#13; I zm\u00edn\u011bn\u00ed \u0158ekov\u00e9 si potrp\u011bli na koupele.&#13; &#13; Nejstar\u0161\u00ed terakotov\u00e1 vana poch\u00e1z\u00ed pr\u00e1v\u011b z \u0159eck\u00e9ho ostrova Kr\u00e9ta a jej\u00ed st\u00e1\u0159\u00ed se odhaduje na v\u00edce ne\u017e 3700 let.&#13; V t\u00e9 dob\u011b se tak\u00e9 p\u0159\u00edli\u0161 ne\u0161\u00ed\u0159ily naka\u017eliv\u00e9 nemoci.&#13; St\u0159edov\u011bk pova\u017eoval koupel za \u0161kodlivou &#13; Ve\u0161ker\u00e9 tyto pozitivn\u00ed snahy doslova spl\u00e1chl st\u0159edov\u011bk. Koup\u00e1n\u00ed se za\u010dalo pova\u017eovat za zdrav\u00ed \u0161kodliv\u00e9, a dokonce mohlo zru\u0161it k\u0159est. Tak\u00e9 odporovalo tehdej\u0161\u00ed mor\u00e1lce. A jak to bylo pr\u00e1v\u011b ve st\u0159edov\u011bku s r\u016fzn\u00fdmi epidemiemi, asi nen\u00ed nutn\u00e9 uv\u00e1d\u011bt. Da\u0159ilo se moru, chole\u0159e a dal\u0161\u00edm nemocem, na kter\u00e9 mnohdy vym\u00edraly i cel\u00e9 vesnice.&#13; Do vany to ale stejn\u011b na\u0161e p\u0159edky je\u0161t\u011b dlouho nedostalo.&#13; &#13; D\u016fkazem je nap\u0159\u00edklad francouzsk\u00fd kr\u00e1l Ludv\u00edk IV., kter\u00fd se dok\u00e1zal tomuto aktu ubr\u00e1nit t\u00e9m\u011b\u0159 po cel\u00fd \u017eivot. Traduje se, \u017ee se ve sv\u00e9m \u017eivot\u011b koupal pouze dvakr\u00e1t. P\u0159itom se podle historick\u00fdch pramen\u016f jednalo o velice vzd\u011blan\u00e9ho mu\u017ee, kter\u00fd m\u011bl distingovan\u00e9 a vzne\u0161en\u00e9 vystupov\u00e1n\u00ed. Byl milovn\u00edkem um\u011bn\u00ed. A to p\u0159edev\u0161\u00edm baletu, kter\u00e9mu se dokonce v mlad\u0161\u00edch letech v\u011bnoval. Po cel\u00fd \u017eivot pr\u00fd velice dob\u0159e tan\u010dil.&#13; Dne\u0161n\u00ed d\u00e1ma by ale asi jeho vyzv\u00e1n\u00ed k tanci z pochopiteln\u00fdch d\u016fvod\u016f odm\u00edtla.&#13; "},{"@context":"https:\/\/schema.org\/","@type":"BreadcrumbList","itemListElement":[{"@type":"ListItem","position":1,"name":"O\u010dista t\u011bla v d\u00e1vn\u00fdch dob\u00e1ch","item":"https:\/\/www.skvelydomov.cz\/ocista-tela-v-davnych-dobach\/#breadcrumbitem"}]}]