[{"@context":"https:\/\/schema.org\/","@type":"Article","@id":"https:\/\/www.skvelydomov.cz\/obyvak-je-centrem-deni-v-rodine\/#Article","mainEntityOfPage":"https:\/\/www.skvelydomov.cz\/obyvak-je-centrem-deni-v-rodine\/","headline":"Ob\u00fdv\u00e1k je centrem d\u011bn\u00ed v rodin\u011b","name":"Ob\u00fdv\u00e1k je centrem d\u011bn\u00ed v rodin\u011b","description":"Nejen kuchyn\u011b, ale hlavn\u011b ob\u00fdvac\u00ed pokoj je centrem v&nbsp;rodin\u011b, kde se v\u0161ichni sch\u00e1zej\u00ed a hlavn\u011b nave\u010der. P\u0159es den jsou rodi\u010de zpravidla v&nbsp;zam\u011bstn\u00e1n\u00ed, mal\u00e9 d\u011bti ve \u0161kolce, dosp\u00edvaj\u00edc\u00ed d\u00edtka v&nbsp;z\u00e1jmov\u00fdch krou\u017ec\u00edch a v\u0161ichni se sch\u00e1zej\u00ed doma n\u011bkdy i v&nbsp;podve\u010der. Nen\u00ed nic hez\u010d\u00edho, \u017ee se nave\u010de\u0159et a odkulit se na pohovku v&nbsp;ob\u00fdv\u00e1ku. To b\u00fdv\u00e1 n\u011bkdy k\u0159iku, kdy\u017e ... <a title=\"Ob\u00fdv\u00e1k je centrem d\u011bn\u00ed v rodin\u011b\" class=\"read-more\" href=\"https:\/\/www.skvelydomov.cz\/obyvak-je-centrem-deni-v-rodine\/\" aria-label=\"V\u00edce na Ob\u00fdv\u00e1k je centrem d\u011bn\u00ed v rodin\u011b\">\u010c\u00edst d\u00e1l<\/a>","datePublished":"2020-11-01","dateModified":"2023-05-04","author":{"@type":"Person","@id":"https:\/\/www.skvelydomov.cz\/author\/#Person","name":"","url":"https:\/\/www.skvelydomov.cz\/author\/","image":{"@type":"ImageObject","@id":"https:\/\/secure.gravatar.com\/avatar\/75e4d40f94885f01aa9441f03c1e175b?s=96&d=mm&r=g","url":"https:\/\/secure.gravatar.com\/avatar\/75e4d40f94885f01aa9441f03c1e175b?s=96&d=mm&r=g","height":96,"width":96}},"publisher":{"@type":"Organization","name":"skvelydomov.cz","logo":{"@type":"ImageObject","@id":"\/logo.png","url":"\/logo.png","width":600,"height":60}},"image":{"@type":"ImageObject","@id":"https:\/\/skvelydomov.cz\/wp-content\/uploads\/sedac\u00c3\u00ad souprava s k\u00c5\u0099eslem_E5Mz9D.jpg","url":"https:\/\/skvelydomov.cz\/wp-content\/uploads\/sedac\u00c3\u00ad souprava s k\u00c5\u0099eslem_E5Mz9D.jpg","height":"","width":""},"url":"https:\/\/www.skvelydomov.cz\/obyvak-je-centrem-deni-v-rodine\/","about":["Ob\u00fdvac\u00ed pokoj"],"wordCount":475,"articleBody":"Nejen kuchyn\u011b, ale hlavn\u011b ob\u00fdvac\u00ed pokoj je centrem v&nbsp;rodin\u011b, kde se v\u0161ichni sch\u00e1zej\u00ed a hlavn\u011b nave\u010der. P\u0159es den jsou rodi\u010de zpravidla v&nbsp;zam\u011bstn\u00e1n\u00ed, mal\u00e9 d\u011bti ve \u0161kolce, dosp\u00edvaj\u00edc\u00ed d\u00edtka v&nbsp;z\u00e1jmov\u00fdch krou\u017ec\u00edch a v\u0161ichni se sch\u00e1zej\u00ed doma n\u011bkdy i v&nbsp;podve\u010der. Nen\u00ed nic hez\u010d\u00edho, \u017ee se nave\u010de\u0159et a odkulit se na pohovku v&nbsp;ob\u00fdv\u00e1ku. To b\u00fdv\u00e1 n\u011bkdy k\u0159iku, kdy\u017e zasednete n\u011bkomu jeho m\u00edsto. A p\u0159itom u\u017e sotva dr\u017e\u00edte o\u010di na stopk\u00e1ch, ruce v\u00e1m klesaj\u00ed do kl\u00edna a dopad\u00e1 na v\u00e1s klid a harmonie domova. A \u0159\u00edk\u00e1te si alespo\u0148 na chvilku si oddechnout. D\u011bti se zaberou do hry, bohu\u017eel nejl\u00e9pe na tabletu a ostatn\u00edch technick\u00fdch vymo\u017eenostech, ale vy jim ho v\u00fdjime\u010dn\u011b z&nbsp;rukou nevytrhujete, proto\u017ee v\u00e1s l\u00e1k\u00e1 va\u0161e u\u017e zah\u0159\u00e1t\u00e9 m\u00edste\u010dko na pohovce.Zd\u00e1lky k&nbsp;v\u00e1m zazn\u00edv\u00e1 hovor va\u0161ich ratolest\u00ed a vy jste r\u00e1di za tu chvilku pohody a klidu, kdy\u017e se d\u00edtka zrovna nep\u0159ek\u0159ikuj\u00ed a v\u00fdjime\u010dn\u011b jsou v&nbsp;souzn\u011bn\u00ed.A k&nbsp;tomu, abyste tr\u00e1vili p\u0159\u00edjemn\u00fd odpo\u010dinek, budete pot\u0159ebovat \u00fatulnou sedac\u00ed soupravu, kter\u00e1 v\u00e1m dovol\u00ed se p\u011bkn\u011b nat\u00e1hnout nebo k\u0159eslo s&nbsp;podno\u017ekou, kam si nohy pohodln\u011b prot\u00e1hnete. A co zkusit houpac\u00ed k\u0159eslo? V&nbsp;ka\u017ed\u00e9m p\u0159\u00edpad\u011b je skv\u011bl\u00e9, kdy\u017e ka\u017ed\u00fd z&nbsp;rodiny m\u00e1 v&nbsp;ob\u00fdv\u00e1ku sv\u00e9 st\u00e1l\u00e9 m\u00edste\u010dko, o kter\u00e9m v\u00ed, \u017ee na n\u011bho v\u017edycky \u010dek\u00e1, i kdy\u017e p\u0159ijde dom\u016f t\u0159eba nave\u010der.N\u011bkdo se r\u00e1d uveleb\u00ed v&nbsp;sedac\u00edm vaku. Ten, kdo m\u00e1 zdravotn\u00ed probl\u00e9my, up\u0159ednostn\u00ed gymnastick\u00fd m\u00ed\u010d, na kter\u00e9m se m\u016f\u017ee protahovat, popoj\u00ed\u017ed\u011bt a cvi\u010dit i b\u011bhem sledov\u00e1n\u00ed televizn\u00edho programu. D\u0159\u00edv\u011bj\u0161\u00edmu boomu &ndash; kleka\u010dk\u00e1m u\u017e je dnes odzvon\u011bno, ale p\u0159esto jsou lid\u00e9, kter\u00fdm posezen\u00ed v&nbsp;kleka\u010dce vyhovuje. Pro vy\u0161\u0161\u00ed postavy je vhodn\u00fd star\u00fd obl\u00edben\u00fd &bdquo;u\u0161\u00e1k&ldquo; &ndash; velk\u00e9 k\u0159eslo s vyv\u00fd\u0161en\u00fdm podhlavn\u00edkem, kter\u00fd se vrac\u00ed st\u00e1le do m\u00f3dy. A m\u016f\u017ee b\u00fdt i s&nbsp;taburetem, kam si postav\u00edte sklenku dobr\u00e9ho kvalitn\u00edho v\u00edna a s&nbsp;podno\u017en\u00edkem. Co v\u00edc si p\u0159\u00e1t k&nbsp;p\u0159\u00edjemn\u00e9 relaxaci ne\u017e k\u0159eslo, kter\u00e9 v\u00e1m vyhovuje a kam se pohodln\u011b poskl\u00e1d\u00e1te a nikde v\u00e1m nic &bdquo;ne\u010douh\u00e1&ldquo; &hellip;"},{"@context":"https:\/\/schema.org\/","@type":"BreadcrumbList","itemListElement":[{"@type":"ListItem","position":1,"name":"Ob\u00fdv\u00e1k je centrem d\u011bn\u00ed v rodin\u011b","item":"https:\/\/www.skvelydomov.cz\/obyvak-je-centrem-deni-v-rodine\/#breadcrumbitem"}]}]