[{"@context":"https:\/\/schema.org\/","@type":"Article","@id":"https:\/\/www.skvelydomov.cz\/nechte-se-inspirovat-svym-detstvim\/#Article","mainEntityOfPage":"https:\/\/www.skvelydomov.cz\/nechte-se-inspirovat-svym-detstvim\/","headline":"Nechte se inspirovat sv\u00fdm d\u011btstv\u00edm","name":"Nechte se inspirovat sv\u00fdm d\u011btstv\u00edm","description":"Vzpome\u0148te si na to, co jste cht\u011bli v\u017edycky d\u011blat anebo \u010d\u00edm jste cht\u011bli b\u00fdt jako mal\u00e9 d\u011bti. Na co jste si hr\u00e1li s&nbsp;ostatn\u00edmi d\u011btmi v&nbsp;dru\u017ein\u011b? Na u\u010ditele, na maminku, r\u00e1di jste va\u0159ili, byli jste gener\u00e1lem anebo voj\u00e1kem? Dobrou sebereflex\u00ed je zabrousit do d\u011btstv\u00ed a zavzpom\u00ednat, o \u010dem jste snily u\u017e jako mal\u00e9 d\u011bti. D\u011bti maj\u00ed ... <a title=\"Nechte se inspirovat sv\u00fdm d\u011btstv\u00edm\" class=\"read-more\" href=\"https:\/\/www.skvelydomov.cz\/nechte-se-inspirovat-svym-detstvim\/\" aria-label=\"V\u00edce na Nechte se inspirovat sv\u00fdm d\u011btstv\u00edm\">\u010c\u00edst d\u00e1l<\/a>","datePublished":"2020-11-14","dateModified":"2023-05-04","author":{"@type":"Person","@id":"https:\/\/www.skvelydomov.cz\/author\/#Person","name":"","url":"https:\/\/www.skvelydomov.cz\/author\/","image":{"@type":"ImageObject","@id":"https:\/\/secure.gravatar.com\/avatar\/75e4d40f94885f01aa9441f03c1e175b?s=96&d=mm&r=g","url":"https:\/\/secure.gravatar.com\/avatar\/75e4d40f94885f01aa9441f03c1e175b?s=96&d=mm&r=g","height":96,"width":96}},"publisher":{"@type":"Organization","name":"skvelydomov.cz","logo":{"@type":"ImageObject","@id":"\/logo.png","url":"\/logo.png","width":600,"height":60}},"image":{"@type":"ImageObject","@id":"https:\/\/skvelydomov.cz\/wp-content\/uploads\/mal\u00c3\u00a1 novorozen\u00c3\u00a1 hol\u00c4\u008di\u00c4\u008dka_G8YPgK.jpg","url":"https:\/\/skvelydomov.cz\/wp-content\/uploads\/mal\u00c3\u00a1 novorozen\u00c3\u00a1 hol\u00c4\u008di\u00c4\u008dka_G8YPgK.jpg","height":"","width":""},"url":"https:\/\/www.skvelydomov.cz\/nechte-se-inspirovat-svym-detstvim\/","about":["Inspirace"],"wordCount":429,"articleBody":"Vzpome\u0148te si na to, co jste cht\u011bli v\u017edycky d\u011blat anebo \u010d\u00edm jste cht\u011bli b\u00fdt jako mal\u00e9 d\u011bti. Na co jste si hr\u00e1li s&nbsp;ostatn\u00edmi d\u011btmi v&nbsp;dru\u017ein\u011b? Na u\u010ditele, na maminku, r\u00e1di jste va\u0159ili, byli jste gener\u00e1lem anebo voj\u00e1kem? Dobrou sebereflex\u00ed je zabrousit do d\u011btstv\u00ed a zavzpom\u00ednat, o \u010dem jste snily u\u017e jako mal\u00e9 d\u011bti. D\u011bti maj\u00ed toti\u017e je\u0161t\u011b nevyvinut\u00fd smysl pro zodpov\u011bdnost, kter\u00fd jim rodi\u010de neust\u00e1le po cel\u00fd \u017eivot pak v\u0161t\u011bpuj\u00ed.Narozen\u00edm d\u00edt\u011bte k&nbsp;v\u00e1m p\u0159ich\u00e1z\u00ed and\u00edlek s&nbsp;\u010distou ni\u010d\u00edm nezat\u00ed\u017eenou du\u0161\u00ed. Tito and\u00edlci jednaj\u00ed jen podle sv\u00fdch reflex\u016f, podle toho, co pr\u00e1v\u011b c\u00edt\u00ed. Maj\u00ed hlad, je jim zima? Pak se rozpl\u00e1\u010dou, proto\u017ee pl\u00e1\u010d k&nbsp;nim p\u0159ivede n\u011bkoho, kdo ho pochov\u00e1, kdo mu d\u00e1 naj\u00edst. D\u011bti \u0159\u00edkaj\u00ed, co si mysl\u00ed. Nezabaluj\u00ed slova jako my dosp\u011bl\u00ed. V\u011bt\u0161ina dosp\u011bl\u00fdch, pokud se jim n\u011bco na druh\u00e9m nel\u00edb\u00ed nebo je to irituje, nedok\u00e1\u017ee \u0159\u00edct p\u0159\u00edmo do o\u010d\u00ed druh\u00e9mu, co mu vad\u00ed. D\u011bti s&nbsp;t\u00edm \u017e\u00e1dn\u00fd probl\u00e9m nemaj\u00ed, jsou nez\u00e1ludn\u00e9, ale opravdov\u00e9 a up\u0159\u00edmn\u00e9. D\u00edt\u011b se bezelstn\u011b zept\u00e1: &bdquo;Mami, a pro\u010d ta pan\u00ed nem\u00e1 nohu?&ldquo; A n\u00e1m je to trapn\u00e9, proto\u017ee si mysl\u00edme, \u017ee se to jmenovan\u00e9 osoby dotkne, \u017ee je j\u00ed to nemil\u00e9, a tak d\u011bl\u00e1me, jako \u017ee to nen\u00ed a sl\u016fvkem p\u0161\u0161\u0161t m\u00e1me za to, \u017ee jsme ud\u011blali to nejlep\u0161\u00ed. Jen\u017ee ono to graduje.V&nbsp;tramvaji na\u0161e p\u011btilet\u00e1 ratolest na cel\u00e9 kolo spust\u00ed: &bdquo;Tady to ale smrd\u00ed! Maminko, to se asi n\u011bkdo uprdnul, vi\u010f?&ldquo; A my bychom se op\u011bt nejrad\u011bji propadli do zem\u011b, aby n\u00e1s nikdo nevid\u011bl. To je ale trapas! A zase potichou\u010dku \u0159\u00edk\u00e1me dceru\u0161ce &ndash; ticho, to se ne\u0159\u00edk\u00e1.D\u011bti jsou prost\u011b bo\u017e\u00ed bytosti. Ni\u010d\u00edm nezat\u00ed\u017een\u00e9, up\u0159\u00edmn\u00e9 a bezelstn\u00e9. Tak\u00e9 jste takov\u00ed byli, jen si vzpome\u0148te a pokuste se zabrousit do sv\u00fdch pocit\u016f, kter\u00e9 jste m\u011bly jako d\u011bti a inspirujte se jimi. Mo\u017en\u00e1 budete p\u0159ekvapeni, jak v\u00e1m pocity, kter\u00e9 najednou vystoup\u00ed na povrch, mohou pomoci a nav\u00e9st v\u00e1s na cestu, kterou jste si jako mal\u00ed vysnili, ale jako dosp\u011bl\u00ed zapomn\u011bli."},{"@context":"https:\/\/schema.org\/","@type":"BreadcrumbList","itemListElement":[{"@type":"ListItem","position":1,"name":"Nechte se inspirovat sv\u00fdm d\u011btstv\u00edm","item":"https:\/\/www.skvelydomov.cz\/nechte-se-inspirovat-svym-detstvim\/#breadcrumbitem"}]}]