[{"@context":"https:\/\/schema.org\/","@type":"Article","@id":"https:\/\/www.skvelydomov.cz\/kvetiny-a-bylinky-zutulni-interier-kuchyne\/#Article","mainEntityOfPage":"https:\/\/www.skvelydomov.cz\/kvetiny-a-bylinky-zutulni-interier-kuchyne\/","headline":"Kv\u011btiny a bylinky z\u00fatuln\u00ed interi\u00e9r kuchyn\u011b","name":"Kv\u011btiny a bylinky z\u00fatuln\u00ed interi\u00e9r kuchyn\u011b","description":"Nev\u011b\u0159\u00edte? Zkuste vymyslet m\u00edsto, kam byste kv\u011btinu v&nbsp;ozdobn\u00e9m kv\u011btin\u00e1\u010dku mohli ve va\u0161\u00ed kuchyni polo\u017eit. I kdy\u017e to nemus\u00ed b\u00fdt p\u0159\u00edmo kvetouc\u00ed kytka, zaj\u00edmav\u011b vypadaj\u00ed i &ndash; n\u011bkdo by \u0159ekl &ndash; oby\u010dejn\u00e9 kaktusy. Je to n\u011bco \u00fapln\u011b jin\u00e9ho a dok\u00e1\u017eou sv\u00fdmi tvary vytvo\u0159it p\u011bkn\u00fd design. Hlavn\u011b je opat\u0159ete, jako v\u0161echny a\u0165 kvetouc\u00ed \u010di st\u00e1lezelen\u00e9 kytky p\u011bkn\u00fdm ... <a title=\"Kv\u011btiny a bylinky z\u00fatuln\u00ed interi\u00e9r kuchyn\u011b\" class=\"read-more\" href=\"https:\/\/www.skvelydomov.cz\/kvetiny-a-bylinky-zutulni-interier-kuchyne\/\" aria-label=\"V\u00edce na Kv\u011btiny a bylinky z\u00fatuln\u00ed interi\u00e9r kuchyn\u011b\">\u010c\u00edst d\u00e1l<\/a>","datePublished":"2020-11-09","dateModified":"2023-05-04","author":{"@type":"Person","@id":"https:\/\/www.skvelydomov.cz\/author\/#Person","name":"","url":"https:\/\/www.skvelydomov.cz\/author\/","image":{"@type":"ImageObject","@id":"https:\/\/secure.gravatar.com\/avatar\/75e4d40f94885f01aa9441f03c1e175b?s=96&d=mm&r=g","url":"https:\/\/secure.gravatar.com\/avatar\/75e4d40f94885f01aa9441f03c1e175b?s=96&d=mm&r=g","height":96,"width":96}},"publisher":{"@type":"Organization","name":"skvelydomov.cz","logo":{"@type":"ImageObject","@id":"\/logo.png","url":"\/logo.png","width":600,"height":60}},"image":{"@type":"ImageObject","@id":"https:\/\/skvelydomov.cz\/wp-content\/uploads\/kaktusy na parapetu v kuchyni_Ia9pCR.jpg","url":"https:\/\/skvelydomov.cz\/wp-content\/uploads\/kaktusy na parapetu v kuchyni_Ia9pCR.jpg","height":"","width":""},"url":"https:\/\/www.skvelydomov.cz\/kvetiny-a-bylinky-zutulni-interier-kuchyne\/","about":["Kuchyn\u011b"],"wordCount":432,"articleBody":"Nev\u011b\u0159\u00edte? Zkuste vymyslet m\u00edsto, kam byste kv\u011btinu v&nbsp;ozdobn\u00e9m kv\u011btin\u00e1\u010dku mohli ve va\u0161\u00ed kuchyni polo\u017eit. I kdy\u017e to nemus\u00ed b\u00fdt p\u0159\u00edmo kvetouc\u00ed kytka, zaj\u00edmav\u011b vypadaj\u00ed i &ndash; n\u011bkdo by \u0159ekl &ndash; oby\u010dejn\u00e9 kaktusy. Je to n\u011bco \u00fapln\u011b jin\u00e9ho a dok\u00e1\u017eou sv\u00fdmi tvary vytvo\u0159it p\u011bkn\u00fd design. Hlavn\u011b je opat\u0159ete, jako v\u0161echny a\u0165 kvetouc\u00ed \u010di st\u00e1lezelen\u00e9 kytky p\u011bkn\u00fdm stylov\u00fdm obalem na kv\u011btin\u00e1\u010d tak, aby ladil s&nbsp;ostatn\u00edmi dopl\u0148ky v&nbsp;kuchyni. Anebo pr\u00e1v\u011b naopak &ndash; m\u016f\u017ee b\u00fdt i velmi n\u00e1padn\u00fd, aby pr\u00e1v\u011b na \u017eiv\u00fd dopln\u011bk upozornil. Jen je pak t\u0159eba d\u00e1vat pozor na zal\u00e9v\u00e1n\u00ed.Obaly na kv\u011btin\u00e1\u010de jsou sice kr\u00e1sn\u00e9 a barevn\u00e9 anebo mohou b\u00fdt keramick\u00e9, z&nbsp;plastu, d\u0159ev\u011bn\u00e9, plechov\u00e9, ba pro milovn\u00edky ekologie i pap\u00edrov\u00e9, ale nen\u00ed v&nbsp;nich vid\u011bt, kolik vody kv\u011btina absorbovala. A snadno se tak m\u016f\u017ee st\u00e1t, \u017ee ji tak zvan\u011b p\u0159elijete. Zal\u00e9vejte proto opatrn\u011b. Zde se vypl\u00e1c\u00ed heslo &ndash; m\u00e9n\u011b n\u011bkdy znamen\u00e1 v\u00edce.Zd\u00e1 se v\u00e1m va\u0161e kuchy\u0148 f\u00e1dn\u00ed a bez \u017eivota, a\u010dkoliv m\u00e1te nejmodern\u011bj\u0161\u00ed elektrick\u00e9 spot\u0159ebi\u010de a v\u00fddobytky posledn\u00ed doby? V\u0161e \u0159\u00e1dn\u011b uklizeno, kuchy\u0148 sv\u00edt\u00ed \u010distotou, a\u017e vypad\u00e1 jaksi steriln\u011b? Pak je nejvy\u0161\u0161\u00ed \u010das ji o\u017eivit zelen\u00ed. Zelen\u00e1 barva je \u00fa\u017easn\u00e1 pro odpo\u010dinut\u00ed du\u0161e i o\u010d\u00ed, proto\u017ee uvol\u0148uje a uklid\u0148uje a to, my \u017eeny, n\u011bkdy i p\u0159i va\u0159en\u00ed pot\u0159ebujeme. Zn\u00e1te ten pocit, kdy nest\u00edh\u00e1te, p\u0159ib\u011bhnete dom\u016f, d\u011bti u\u017e mezi dve\u0159mi halas\u00ed, \u017ee maj\u00ed hlad a vy nev\u00edte kam d\u0159\u00edv sko\u010dit?Po\u0159i\u010fte si truhl\u00edky se zelen\u00fdmi bylinkami. Zabijete ne dv\u011b mouchy, ale rovnou t\u0159i mouchy jednou ranou. Jak jsme \u0159ekli, zelen\u00e1 uklid\u0148uje, budete m\u00edt v\u017edy \u010derstv\u00e9 vitam\u00edny po ruce a kr\u00e1sn\u011b o\u017eiv\u00edte interi\u00e9r va\u0161eho kr\u00e1lovstv\u00ed, kde tr\u00e1v\u00edte spoustu \u010dasu p\u0159i p\u0159\u00edprav\u011b pochutin pro va\u0161e mil\u00e1\u010dky. Z&nbsp;bylinek jsou nejobl\u00edben\u011bj\u0161\u00ed petr\u017eelka a pa\u017eitka, kter\u00e9 nasypete nejen do pol\u00e9vky, ale m\u016f\u017eete jimi ozdobit i hlavn\u00ed j\u00eddlo, jen\u017e dostane \u0161mrnc. D\u00e1le m\u016f\u017eete m\u00edt st\u00e1le v&nbsp;z\u00e1sob\u011b tymi\u00e1nek, m\u00e1tu, bazalku, prost\u011b co m\u00e1te r\u00e1dy."},{"@context":"https:\/\/schema.org\/","@type":"BreadcrumbList","itemListElement":[{"@type":"ListItem","position":1,"name":"Kv\u011btiny a bylinky z\u00fatuln\u00ed interi\u00e9r kuchyn\u011b","item":"https:\/\/www.skvelydomov.cz\/kvetiny-a-bylinky-zutulni-interier-kuchyne\/#breadcrumbitem"}]}]