{"@context":"https:\/\/schema.org\/","@type":"CollectionPage","@id":"https:\/\/www.skvelydomov.cz\/koupelna\/#CollectionPage","headline":"Koupelna Category","description":"","url":"https:\/\/www.skvelydomov.cz\/koupelna\/","hasPart":[{"@type":"Article","@id":"https:\/\/www.skvelydomov.cz\/nekolik-tipu-pro-reseni-male-koupelny\/","headline":"N\u011bkolik tip\u016f pro \u0159e\u0161en\u00ed mal\u00e9 koupelny","url":"https:\/\/www.skvelydomov.cz\/nekolik-tipu-pro-reseni-male-koupelny\/","datePublished":"2020-10-09","dateModified":"2023-05-04","mainEntityOfPage":"https:\/\/www.skvelydomov.cz\/nekolik-tipu-pro-reseni-male-koupelny\/","author":{"@type":"Person","@id":"https:\/\/www.skvelydomov.cz\/author\/#Person","name":"","url":"https:\/\/www.skvelydomov.cz\/author\/","image":{"@type":"ImageObject","@id":"https:\/\/secure.gravatar.com\/avatar\/75e4d40f94885f01aa9441f03c1e175b?s=96&d=mm&r=g","url":"https:\/\/secure.gravatar.com\/avatar\/75e4d40f94885f01aa9441f03c1e175b?s=96&d=mm&r=g","height":96,"width":96}},"publisher":{"@type":"Organization","name":"skvelydomov.cz","logo":{"@type":"ImageObject","@id":"\/logo.png","url":"\/logo.png","width":600,"height":60}},"image":{"@type":"ImageObject","@id":"https:\/\/skvelydomov.cz\/wp-content\/uploads\/zapu\u00c5\u00a1t\u00c4\u009bn\u00c3\u00a9 umyvadlo_MUZLzf.jpg","url":"https:\/\/skvelydomov.cz\/wp-content\/uploads\/zapu\u00c5\u00a1t\u00c4\u009bn\u00c3\u00a9 umyvadlo_MUZLzf.jpg","height":"","width":""},"keywords":null},{"@type":"Article","@id":"https:\/\/www.skvelydomov.cz\/ocista-tela-v-davnych-dobach\/","headline":"O\u010dista t\u011bla v d\u00e1vn\u00fdch dob\u00e1ch","url":"https:\/\/www.skvelydomov.cz\/ocista-tela-v-davnych-dobach\/","datePublished":"2020-10-07","dateModified":"2023-05-04","mainEntityOfPage":"https:\/\/www.skvelydomov.cz\/ocista-tela-v-davnych-dobach\/","author":{"@type":"Person","@id":"https:\/\/www.skvelydomov.cz\/author\/#Person","name":"","url":"https:\/\/www.skvelydomov.cz\/author\/","image":{"@type":"ImageObject","@id":"https:\/\/secure.gravatar.com\/avatar\/75e4d40f94885f01aa9441f03c1e175b?s=96&d=mm&r=g","url":"https:\/\/secure.gravatar.com\/avatar\/75e4d40f94885f01aa9441f03c1e175b?s=96&d=mm&r=g","height":96,"width":96}},"publisher":{"@type":"Organization","name":"skvelydomov.cz","logo":{"@type":"ImageObject","@id":"\/logo.png","url":"\/logo.png","width":600,"height":60}},"image":{"@type":"ImageObject","@id":"https:\/\/skvelydomov.cz\/wp-content\/uploads\/zapu\u00c5\u00a1t\u00c4\u009bn\u00c3\u00a9 umyvadlo_MUZLzf.jpg","url":"https:\/\/skvelydomov.cz\/wp-content\/uploads\/zapu\u00c5\u00a1t\u00c4\u009bn\u00c3\u00a9 umyvadlo_MUZLzf.jpg","height":"","width":""},"keywords":null},{"@type":"Article","@id":"https:\/\/www.skvelydomov.cz\/jak-si-poradit-s-vlhkosti-v-koupelne-nedejte-plisnim-zadnou-sanci\/","headline":"Jak si poradit s vlhkost\u00ed v koupeln\u011b? Nedejte pl\u00edsn\u00edm \u017e\u00e1dnou \u0161anci.","url":"https:\/\/www.skvelydomov.cz\/jak-si-poradit-s-vlhkosti-v-koupelne-nedejte-plisnim-zadnou-sanci\/","datePublished":"2020-02-27","dateModified":"2023-05-04","mainEntityOfPage":"https:\/\/www.skvelydomov.cz\/jak-si-poradit-s-vlhkosti-v-koupelne-nedejte-plisnim-zadnou-sanci\/","author":{"@type":"Person","@id":"https:\/\/www.skvelydomov.cz\/author\/#Person","name":"","url":"https:\/\/www.skvelydomov.cz\/author\/","image":{"@type":"ImageObject","@id":"https:\/\/secure.gravatar.com\/avatar\/75e4d40f94885f01aa9441f03c1e175b?s=96&d=mm&r=g","url":"https:\/\/secure.gravatar.com\/avatar\/75e4d40f94885f01aa9441f03c1e175b?s=96&d=mm&r=g","height":96,"width":96}},"publisher":{"@type":"Organization","name":"skvelydomov.cz","logo":{"@type":"ImageObject","@id":"\/logo.png","url":"\/logo.png","width":600,"height":60}},"image":{"@type":"ImageObject","@id":"https:\/\/skvelydomov.cz\/wp-content\/uploads\/zapu\u00c5\u00a1t\u00c4\u009bn\u00c3\u00a9 umyvadlo_MUZLzf.jpg","url":"https:\/\/skvelydomov.cz\/wp-content\/uploads\/zapu\u00c5\u00a1t\u00c4\u009bn\u00c3\u00a9 umyvadlo_MUZLzf.jpg","height":"","width":""},"keywords":null},{"@type":"Article","@id":"https:\/\/www.skvelydomov.cz\/jak-vybrat-obklady-do-koupelny\/","headline":"Jak vybrat obklady do koupelny","url":"https:\/\/www.skvelydomov.cz\/jak-vybrat-obklady-do-koupelny\/","datePublished":"2020-02-23","dateModified":"2023-05-04","mainEntityOfPage":"https:\/\/www.skvelydomov.cz\/jak-vybrat-obklady-do-koupelny\/","author":{"@type":"Person","@id":"https:\/\/www.skvelydomov.cz\/author\/#Person","name":"","url":"https:\/\/www.skvelydomov.cz\/author\/","image":{"@type":"ImageObject","@id":"https:\/\/secure.gravatar.com\/avatar\/75e4d40f94885f01aa9441f03c1e175b?s=96&d=mm&r=g","url":"https:\/\/secure.gravatar.com\/avatar\/75e4d40f94885f01aa9441f03c1e175b?s=96&d=mm&r=g","height":96,"width":96}},"publisher":{"@type":"Organization","name":"skvelydomov.cz","logo":{"@type":"ImageObject","@id":"\/logo.png","url":"\/logo.png","width":600,"height":60}},"image":{"@type":"ImageObject","@id":"https:\/\/skvelydomov.cz\/wp-content\/uploads\/zapu\u00c5\u00a1t\u00c4\u009bn\u00c3\u00a9 umyvadlo_MUZLzf.jpg","url":"https:\/\/skvelydomov.cz\/wp-content\/uploads\/zapu\u00c5\u00a1t\u00c4\u009bn\u00c3\u00a9 umyvadlo_MUZLzf.jpg","height":"","width":""},"keywords":null},{"@type":"Article","@id":"https:\/\/www.skvelydomov.cz\/jak-na-trendy-koupelnu\/","headline":"Jak na trendy koupelnu?","url":"https:\/\/www.skvelydomov.cz\/jak-na-trendy-koupelnu\/","datePublished":"2020-01-15","dateModified":"2023-05-04","mainEntityOfPage":"https:\/\/www.skvelydomov.cz\/jak-na-trendy-koupelnu\/","author":{"@type":"Person","@id":"https:\/\/www.skvelydomov.cz\/author\/#Person","name":"","url":"https:\/\/www.skvelydomov.cz\/author\/","image":{"@type":"ImageObject","@id":"https:\/\/secure.gravatar.com\/avatar\/75e4d40f94885f01aa9441f03c1e175b?s=96&d=mm&r=g","url":"https:\/\/secure.gravatar.com\/avatar\/75e4d40f94885f01aa9441f03c1e175b?s=96&d=mm&r=g","height":96,"width":96}},"publisher":{"@type":"Organization","name":"skvelydomov.cz","logo":{"@type":"ImageObject","@id":"\/logo.png","url":"\/logo.png","width":600,"height":60}},"image":{"@type":"ImageObject","@id":"https:\/\/skvelydomov.cz\/wp-content\/uploads\/zapu\u00c5\u00a1t\u00c4\u009bn\u00c3\u00a9 umyvadlo_MUZLzf.jpg","url":"https:\/\/skvelydomov.cz\/wp-content\/uploads\/zapu\u00c5\u00a1t\u00c4\u009bn\u00c3\u00a9 umyvadlo_MUZLzf.jpg","height":"","width":""},"keywords":null},{"@type":"Article","@id":"https:\/\/www.skvelydomov.cz\/koupelna-ma-svuj-sarm\/","headline":"Koupelna m\u00e1 sv\u016fj \u0161arm","url":"https:\/\/www.skvelydomov.cz\/koupelna-ma-svuj-sarm\/","datePublished":"2019-11-08","dateModified":"2023-05-04","mainEntityOfPage":"https:\/\/www.skvelydomov.cz\/koupelna-ma-svuj-sarm\/","author":{"@type":"Person","@id":"https:\/\/www.skvelydomov.cz\/author\/#Person","name":"","url":"https:\/\/www.skvelydomov.cz\/author\/","image":{"@type":"ImageObject","@id":"https:\/\/secure.gravatar.com\/avatar\/75e4d40f94885f01aa9441f03c1e175b?s=96&d=mm&r=g","url":"https:\/\/secure.gravatar.com\/avatar\/75e4d40f94885f01aa9441f03c1e175b?s=96&d=mm&r=g","height":96,"width":96}},"publisher":{"@type":"Organization","name":"skvelydomov.cz","logo":{"@type":"ImageObject","@id":"\/logo.png","url":"\/logo.png","width":600,"height":60}},"image":{"@type":"ImageObject","@id":"https:\/\/skvelydomov.cz\/wp-content\/uploads\/zapu\u00c5\u00a1t\u00c4\u009bn\u00c3\u00a9 umyvadlo_MUZLzf.jpg","url":"https:\/\/skvelydomov.cz\/wp-content\/uploads\/zapu\u00c5\u00a1t\u00c4\u009bn\u00c3\u00a9 umyvadlo_MUZLzf.jpg","height":"","width":""},"keywords":null},{"@type":"Article","@id":"https:\/\/www.skvelydomov.cz\/zrcadlo-nezbytny-doplnek-do-vasi-koupelny\/","headline":"Zrcadlo \u2013 nezbytn\u00fd dopln\u011bk do va\u0161\u00ed koupelny","url":"https:\/\/www.skvelydomov.cz\/zrcadlo-nezbytny-doplnek-do-vasi-koupelny\/","datePublished":"2019-10-19","dateModified":"2023-05-04","mainEntityOfPage":"https:\/\/www.skvelydomov.cz\/zrcadlo-nezbytny-doplnek-do-vasi-koupelny\/","author":{"@type":"Person","@id":"https:\/\/www.skvelydomov.cz\/author\/#Person","name":"","url":"https:\/\/www.skvelydomov.cz\/author\/","image":{"@type":"ImageObject","@id":"https:\/\/secure.gravatar.com\/avatar\/75e4d40f94885f01aa9441f03c1e175b?s=96&d=mm&r=g","url":"https:\/\/secure.gravatar.com\/avatar\/75e4d40f94885f01aa9441f03c1e175b?s=96&d=mm&r=g","height":96,"width":96}},"publisher":{"@type":"Organization","name":"skvelydomov.cz","logo":{"@type":"ImageObject","@id":"\/logo.png","url":"\/logo.png","width":600,"height":60}},"image":{"@type":"ImageObject","@id":"https:\/\/skvelydomov.cz\/wp-content\/uploads\/zapu\u00c5\u00a1t\u00c4\u009bn\u00c3\u00a9 umyvadlo_MUZLzf.jpg","url":"https:\/\/skvelydomov.cz\/wp-content\/uploads\/zapu\u00c5\u00a1t\u00c4\u009bn\u00c3\u00a9 umyvadlo_MUZLzf.jpg","height":"","width":""},"keywords":null},{"@type":"Article","@id":"https:\/\/www.skvelydomov.cz\/bez-umyvadla-se-koupelna-neobejde\/","headline":"Bez umyvadla se koupelna neobejde","url":"https:\/\/www.skvelydomov.cz\/bez-umyvadla-se-koupelna-neobejde\/","datePublished":"2019-09-04","dateModified":"2023-05-04","mainEntityOfPage":"https:\/\/www.skvelydomov.cz\/bez-umyvadla-se-koupelna-neobejde\/","author":{"@type":"Person","@id":"https:\/\/www.skvelydomov.cz\/author\/#Person","name":"","url":"https:\/\/www.skvelydomov.cz\/author\/","image":{"@type":"ImageObject","@id":"https:\/\/secure.gravatar.com\/avatar\/75e4d40f94885f01aa9441f03c1e175b?s=96&d=mm&r=g","url":"https:\/\/secure.gravatar.com\/avatar\/75e4d40f94885f01aa9441f03c1e175b?s=96&d=mm&r=g","height":96,"width":96}},"publisher":{"@type":"Organization","name":"skvelydomov.cz","logo":{"@type":"ImageObject","@id":"\/logo.png","url":"\/logo.png","width":600,"height":60}},"image":{"@type":"ImageObject","@id":"https:\/\/skvelydomov.cz\/wp-content\/uploads\/zapu\u00c5\u00a1t\u00c4\u009bn\u00c3\u00a9 umyvadlo_MUZLzf.jpg","url":"https:\/\/skvelydomov.cz\/wp-content\/uploads\/zapu\u00c5\u00a1t\u00c4\u009bn\u00c3\u00a9 umyvadlo_MUZLzf.jpg","height":"","width":""},"keywords":null},{"@type":"Article","@id":"https:\/\/www.skvelydomov.cz\/sprchovani-bez-barier\/","headline":"Sprchov\u00e1n\u00ed bez bari\u00e9r","url":"https:\/\/www.skvelydomov.cz\/sprchovani-bez-barier\/","datePublished":"2019-08-20","dateModified":"2023-05-04","mainEntityOfPage":"https:\/\/www.skvelydomov.cz\/sprchovani-bez-barier\/","author":{"@type":"Person","@id":"https:\/\/www.skvelydomov.cz\/author\/#Person","name":"","url":"https:\/\/www.skvelydomov.cz\/author\/","image":{"@type":"ImageObject","@id":"https:\/\/secure.gravatar.com\/avatar\/75e4d40f94885f01aa9441f03c1e175b?s=96&d=mm&r=g","url":"https:\/\/secure.gravatar.com\/avatar\/75e4d40f94885f01aa9441f03c1e175b?s=96&d=mm&r=g","height":96,"width":96}},"publisher":{"@type":"Organization","name":"skvelydomov.cz","logo":{"@type":"ImageObject","@id":"\/logo.png","url":"\/logo.png","width":600,"height":60}},"image":{"@type":"ImageObject","@id":"https:\/\/skvelydomov.cz\/wp-content\/uploads\/zapu\u00c5\u00a1t\u00c4\u009bn\u00c3\u00a9 umyvadlo_MUZLzf.jpg","url":"https:\/\/skvelydomov.cz\/wp-content\/uploads\/zapu\u00c5\u00a1t\u00c4\u009bn\u00c3\u00a9 umyvadlo_MUZLzf.jpg","height":"","width":""},"keywords":null},{"@type":"Article","@id":"https:\/\/www.skvelydomov.cz\/luxusni-koupelna-proc-ne\/","headline":"Luxusn\u00ed koupelna? Pro\u010d ne","url":"https:\/\/www.skvelydomov.cz\/luxusni-koupelna-proc-ne\/","datePublished":"2019-07-14","dateModified":"2023-05-04","mainEntityOfPage":"https:\/\/www.skvelydomov.cz\/luxusni-koupelna-proc-ne\/","author":{"@type":"Person","@id":"https:\/\/www.skvelydomov.cz\/author\/#Person","name":"","url":"https:\/\/www.skvelydomov.cz\/author\/","image":{"@type":"ImageObject","@id":"https:\/\/secure.gravatar.com\/avatar\/75e4d40f94885f01aa9441f03c1e175b?s=96&d=mm&r=g","url":"https:\/\/secure.gravatar.com\/avatar\/75e4d40f94885f01aa9441f03c1e175b?s=96&d=mm&r=g","height":96,"width":96}},"publisher":{"@type":"Organization","name":"skvelydomov.cz","logo":{"@type":"ImageObject","@id":"\/logo.png","url":"\/logo.png","width":600,"height":60}},"image":{"@type":"ImageObject","@id":"https:\/\/skvelydomov.cz\/wp-content\/uploads\/zapu\u00c5\u00a1t\u00c4\u009bn\u00c3\u00a9 umyvadlo_MUZLzf.jpg","url":"https:\/\/skvelydomov.cz\/wp-content\/uploads\/zapu\u00c5\u00a1t\u00c4\u009bn\u00c3\u00a9 umyvadlo_MUZLzf.jpg","height":"","width":""},"keywords":null}]}