[{"@context":"https:\/\/schema.org\/","@type":"Article","@id":"https:\/\/www.skvelydomov.cz\/jak-propojit-obyvaci-pokoj-s-kuchyni-a-neztratit-soukromy-ani-dobry-dojem-z-otevreneho-prostoru\/#Article","mainEntityOfPage":"https:\/\/www.skvelydomov.cz\/jak-propojit-obyvaci-pokoj-s-kuchyni-a-neztratit-soukromy-ani-dobry-dojem-z-otevreneho-prostoru\/","headline":"Jak propojit ob\u00fdvac\u00ed pokoj s kuchyn\u00ed a neztratit soukrom\u00fd ani dobr\u00fd dojem z otev\u0159en\u00e9ho prostoru","name":"Jak propojit ob\u00fdvac\u00ed pokoj s kuchyn\u00ed a neztratit soukrom\u00fd ani dobr\u00fd dojem z otev\u0159en\u00e9ho prostoru","description":"Otev\u0159en\u00fd a vzdu\u0161n\u00fd prostor v\u00a0dom\u011b nebo byt\u011b je velk\u00fdm trendem. Propojen\u00ed kuchyn\u011b s\u00a0ob\u00fdvac\u00edm pokojem m\u016f\u017ee p\u016fsobit velmi vkusn\u011b a modern\u011b, stejn\u011b tak se ale mohou objevit i probl\u00e9my, kter\u00e9 nejdou na prvn\u00ed pohled vid\u011bt. Jak to ud\u011blat dokonale a efektivn\u011b? V\u0161echno m\u00e1 sv\u00e9 pro i proti Otev\u0159en\u00fd a z\u00e1rove\u0148 propojen\u00fd prostor svou odli\u0161n\u00fdch m\u00edstnost\u00ed v\u00a0byt\u011b ... <a title=\"Jak propojit ob\u00fdvac\u00ed pokoj s kuchyn\u00ed a neztratit soukrom\u00fd ani dobr\u00fd dojem z otev\u0159en\u00e9ho prostoru\" class=\"read-more\" href=\"https:\/\/www.skvelydomov.cz\/jak-propojit-obyvaci-pokoj-s-kuchyni-a-neztratit-soukromy-ani-dobry-dojem-z-otevreneho-prostoru\/\" aria-label=\"V\u00edce na Jak propojit ob\u00fdvac\u00ed pokoj s kuchyn\u00ed a neztratit soukrom\u00fd ani dobr\u00fd dojem z otev\u0159en\u00e9ho prostoru\">\u010c\u00edst d\u00e1l<\/a>","datePublished":"2020-02-17","dateModified":"2023-05-04","author":{"@type":"Person","@id":"https:\/\/www.skvelydomov.cz\/author\/#Person","name":"","url":"https:\/\/www.skvelydomov.cz\/author\/","image":{"@type":"ImageObject","@id":"https:\/\/secure.gravatar.com\/avatar\/75e4d40f94885f01aa9441f03c1e175b?s=96&d=mm&r=g","url":"https:\/\/secure.gravatar.com\/avatar\/75e4d40f94885f01aa9441f03c1e175b?s=96&d=mm&r=g","height":96,"width":96}},"publisher":{"@type":"Organization","name":"skvelydomov.cz","logo":{"@type":"ImageObject","@id":"\/logo.png","url":"\/logo.png","width":600,"height":60}},"image":{"@type":"ImageObject","@id":"https:\/\/skvelydomov.cz\/wp-content\/uploads\/img_a376576_w3565_t1588072969.jpg","url":"https:\/\/skvelydomov.cz\/wp-content\/uploads\/img_a376576_w3565_t1588072969.jpg","height":"","width":""},"url":"https:\/\/www.skvelydomov.cz\/jak-propojit-obyvaci-pokoj-s-kuchyni-a-neztratit-soukromy-ani-dobry-dojem-z-otevreneho-prostoru\/","about":["Ob\u00fdvac\u00ed pokoj"],"wordCount":456,"articleBody":"Otev\u0159en\u00fd a vzdu\u0161n\u00fd prostor v\u00a0dom\u011b nebo byt\u011b je velk\u00fdm trendem. Propojen\u00ed kuchyn\u011b s\u00a0ob\u00fdvac\u00edm pokojem m\u016f\u017ee p\u016fsobit velmi vkusn\u011b a modern\u011b, stejn\u011b tak se ale mohou objevit i probl\u00e9my, kter\u00e9 nejdou na prvn\u00ed pohled vid\u011bt. Jak to ud\u011blat dokonale a efektivn\u011b?\tV\u0161echno m\u00e1 sv\u00e9 pro i protiOtev\u0159en\u00fd a z\u00e1rove\u0148 propojen\u00fd prostor svou odli\u0161n\u00fdch m\u00edstnost\u00ed v\u00a0byt\u011b je velmi modern\u00ed. Spojen\u00ed kuchyn\u011b a ob\u00fdvac\u00edho pokoje ocen\u00ed zejm\u00e9na ti, kte\u0159\u00ed po\u0159\u00e1daj\u00ed doma oslavy a se\u0161losti s\u00a0p\u0159\u00e1teli a rodinou. Pro b\u011b\u017en\u00fd \u017eivot s\u00a0d\u011btmi ale m\u016f\u017ee b\u00fdt takov\u00e9 propojen\u00ed i pom\u011brn\u011b nepraktick\u00e9. Ztr\u00e1ta soukrom\u00ed p\u0159i va\u0159en\u00ed nebo odpo\u010dinku u televize m\u016f\u017ee za\u010d\u00edt vadit n\u011bkter\u00fdm \u010dlen\u016fm dom\u00e1cnosti. Ale i tohle m\u00e1 sv\u00e9 \u0159e\u0161en\u00ed. O sv\u016fj vytou\u017een\u00fd propojen\u00fd prostor tak p\u0159ij\u00edt ur\u010dit\u011b nemus\u00edte.I kdy\u017e neodd\u011bl\u00edte ob\u00fdvac\u00ed prostor s\u00a0kuchyn\u00ed dve\u0159mi, d\u00e1 se na to j\u00edt i jinak. St\u00e1le v\u00e1m z\u016fstane designov\u011b skv\u011ble vy\u0159e\u0161en\u00ed modern\u00ed prostor, ale v\u00a0p\u0159\u00edpad\u011b pot\u0159eby budete m\u00edt i soukrom\u00fd. Vy\u0159e\u0161it to mohou prosklen\u00e9 nebo zatahovac\u00ed dve\u0159e ale i \u0161ikovn\u011b rozm\u00edstn\u011bn\u00fd n\u00e1bytek. Pr\u00e1v\u011b n\u00e1bytek se v\u00a0tomto p\u0159\u00edpad\u011b jev\u00ed jako to nejlep\u0161\u00ed a nejjednodu\u0161\u0161\u00ed \u0159e\u0161en\u00ed. Vkusn\u00fd a praktick\u00fd n\u00e1bytek se sna\u017ete do prostoru mezi kuchyn\u00ed a ob\u00fdv\u00e1kem rozm\u00edstnit tak, aby snadno vytvo\u0159il jakousi pomyslnou odd\u011blovac\u00ed p\u0159\u00ed\u010dku mezi dv\u011bma m\u00edstnostmi.\tPopul\u00e1rn\u00ed ostr\u016fvek, ano nebo ne?St\u0159edov\u00fd ostr\u016fvek b\u00fdv\u00e1 v\u00a0kuchy\u0148sk\u00fdch studi\u00edch pov\u011bt\u0161inou sou\u010d\u00e1st\u00ed kuchy\u0148sk\u00e9 sestavy vhodn\u00e9 do propojen\u00fdch m\u00edstnost\u00ed. Ano, je velmi praktick\u00fd, z\u00edsk\u00e1v\u00e1me t\u00edm nejen dal\u0161\u00ed prostor v\u00a0kuchyni nav\u00edc ale i zaj\u00edmav\u00fd prvek dopln\u011bn\u00ed celkov\u00e9ho vzhledu interi\u00e9ru. Co na n\u011bj v\u0161ak ur\u010dit\u011b nepat\u0159\u00ed, je plotna nebo varn\u00e1 deska. Ta by m\u011bla b\u00fdt v\u017edy sou\u010d\u00e1st\u00ed kuchy\u0148sk\u00e9 linky a to nejl\u00e9pe u st\u011bny.Ostr\u016fvek by m\u011bl p\u016fsobit v\u017edy \u010dist\u00fdm a uklizen\u00fdm dojmem a nem\u011blo by na n\u011bm ur\u010dit\u011b zavazet n\u00e1dob\u00ed a hrnce s\u00a0uva\u0159en\u00fdm j\u00eddlem. Moc hezk\u00fd pohled ze sedac\u00ed soupravy v\u00a0otev\u0159en\u00e9m ob\u00fdv\u00e1ku by to toti\u017e nebyl. Stejn\u011b tak na ostr\u016fvek nepat\u0159\u00ed ani d\u0159ez. Berte to tak, \u017ee kuchy\u0148sk\u00fd ostr\u016fvek m\u00e1 slou\u017eit jako plocha nav\u00edc a jako zaj\u00edmav\u00fd detail."},{"@context":"https:\/\/schema.org\/","@type":"BreadcrumbList","itemListElement":[{"@type":"ListItem","position":1,"name":"Jak propojit ob\u00fdvac\u00ed pokoj s kuchyn\u00ed a neztratit soukrom\u00fd ani dobr\u00fd dojem z otev\u0159en\u00e9ho prostoru","item":"https:\/\/www.skvelydomov.cz\/jak-propojit-obyvaci-pokoj-s-kuchyni-a-neztratit-soukromy-ani-dobry-dojem-z-otevreneho-prostoru\/#breadcrumbitem"}]}]