[{"@context":"https:\/\/schema.org\/","@type":"Article","@id":"https:\/\/www.skvelydomov.cz\/dekorace-do-obyvaciho-pokoje-ktere-prave-leti\/#Article","mainEntityOfPage":"https:\/\/www.skvelydomov.cz\/dekorace-do-obyvaciho-pokoje-ktere-prave-leti\/","headline":"Dekorace do ob\u00fdvac\u00edho pokoje, kter\u00e9 pr\u00e1v\u011b let\u00ed","name":"Dekorace do ob\u00fdvac\u00edho pokoje, kter\u00e9 pr\u00e1v\u011b let\u00ed","description":"Ob\u00fdvac\u00ed pokoj je doslova ikonou pro v\u0161echny bytov\u00e9 n\u00e1vrh\u00e1\u0159e a design\u00e9ry a tak se pom\u011brn\u011b \u010dasto m\u016f\u017eeme setk\u00e1vat s\u00a0aktu\u00e1ln\u00edmi trendy, kter\u00fdmi je mo\u017en\u00e9 se inspirovat. Poj\u010fme se spole\u010dn\u011b pod\u00edvat, co aktu\u00e1ln\u011b fr\u010d\u00ed a co z\u00a0kategorie \u2013 dekorace si letos mus\u00edte cht\u011b necht\u011b po\u0159\u00eddit. \u00a0 P\u0159i za\u0159izov\u00e1n\u00ed interi\u00e9ru se nejprve soust\u0159ed\u00edme na n\u00e1bytek, kter\u00e9mu se n\u00e1sledn\u011b ... <a title=\"Dekorace do ob\u00fdvac\u00edho pokoje, kter\u00e9 pr\u00e1v\u011b let\u00ed\" class=\"read-more\" href=\"https:\/\/www.skvelydomov.cz\/dekorace-do-obyvaciho-pokoje-ktere-prave-leti\/\" aria-label=\"V\u00edce na Dekorace do ob\u00fdvac\u00edho pokoje, kter\u00e9 pr\u00e1v\u011b let\u00ed\">\u010c\u00edst d\u00e1l<\/a>","datePublished":"2021-07-15","dateModified":"2023-05-04","author":{"@type":"Person","@id":"https:\/\/www.skvelydomov.cz\/author\/#Person","name":"","url":"https:\/\/www.skvelydomov.cz\/author\/","image":{"@type":"ImageObject","@id":"https:\/\/secure.gravatar.com\/avatar\/75e4d40f94885f01aa9441f03c1e175b?s=96&d=mm&r=g","url":"https:\/\/secure.gravatar.com\/avatar\/75e4d40f94885f01aa9441f03c1e175b?s=96&d=mm&r=g","height":96,"width":96}},"publisher":{"@type":"Organization","name":"skvelydomov.cz","logo":{"@type":"ImageObject","@id":"\/logo.png","url":"\/logo.png","width":600,"height":60}},"image":{"@type":"ImageObject","@id":"https:\/\/skvelydomov.cz\/wp-content\/uploads\/Obyvaci_pokoj_wunSX0.jpg","url":"https:\/\/skvelydomov.cz\/wp-content\/uploads\/Obyvaci_pokoj_wunSX0.jpg","height":"","width":""},"url":"https:\/\/www.skvelydomov.cz\/dekorace-do-obyvaciho-pokoje-ktere-prave-leti\/","about":["Dekorace"],"wordCount":396,"articleBody":"Ob\u00fdvac\u00ed pokoj je doslova ikonou pro v\u0161echny bytov\u00e9 n\u00e1vrh\u00e1\u0159e a design\u00e9ry a tak se pom\u011brn\u011b \u010dasto m\u016f\u017eeme setk\u00e1vat s\u00a0aktu\u00e1ln\u00edmi trendy, kter\u00fdmi je mo\u017en\u00e9 se inspirovat. Poj\u010fme se spole\u010dn\u011b pod\u00edvat, co aktu\u00e1ln\u011b fr\u010d\u00ed a co z\u00a0kategorie \u2013 dekorace si letos mus\u00edte cht\u011b necht\u011b po\u0159\u00eddit. \u00a0P\u0159i za\u0159izov\u00e1n\u00ed interi\u00e9ru se nejprve soust\u0159ed\u00edme na n\u00e1bytek, kter\u00e9mu se n\u00e1sledn\u011b sna\u017e\u00edme v\u0161t\u00edpit osobnost za pomoci nejr\u016fzn\u011bj\u0161\u00edch dekorac\u00ed a dopl\u0148k\u016f. P\u0159epln\u011bn\u00e9 poli\u010dky s\u00a0nejr\u016fzn\u011bj\u0161\u00edmi suven\u00fdry a poklady z\u00a0dovolen\u00e9 pomalu ale jist\u011b ustupuj\u00ed stroh\u00e9mu interi\u00e9ru s\u00a0minimem dekora\u010dn\u00edm prvk\u016f. Velmi obl\u00edben\u00fd je v\u00a0posledn\u00edch letech seversk\u00fd styl, kter\u00fd si potrp\u00ed na minimalismu a nech\u00e1v\u00e1 strh\u00e1vat pozornost jen na n\u011bkolik v\u00fdrazn\u011bj\u0161\u00edch dekorac\u00ed, kter\u00e9 ozvl\u00e1\u0161t\u0148uj\u00ed jinak stroh\u00fd interi\u00e9r.\u00a0Ob\u00fdvac\u00ed pokoj je m\u00edstem k\u00a0setk\u00e1v\u00e1n\u00ed, i z\u00a0tohoto d\u016fvodu by z\u00a0n\u011bho m\u011bla vyza\u0159ovat vzdu\u0161nost. K\u00a0tomuto \u00fa\u010delu skv\u011ble poslou\u017e\u00ed d\u0159ev\u011bn\u00e9 plochy, kter\u00e9 jsou pro seversk\u00fd styl tolik typick\u00e9. Strohost a chv\u00edlemi mo\u017en\u00e1 trochu nudu spolehliv\u011b rozbij\u00ed pestrobarevn\u00e9 dopl\u0148ky. Seve\u0159an\u00e9 tak k\u00a0o\u017eiven\u00ed ob\u00fdvac\u00edho pokoje nepot\u0159ebuj\u00ed mnoho, stylov\u00fd n\u00e1bytek posta\u010d\u00ed obm\u011bnit jin\u00fdmi dopl\u0148ky, kter\u00e9 v\u00a0sob\u011b snoub\u00ed aktu\u00e1ln\u00ed trendy a je to.\u00a0\tI st\u011bny hraj\u00ed d\u016fle\u017eitou roliSt\u011bny jsou ned\u00edlnou sou\u010d\u00e1st\u00ed ob\u00fdvac\u00edch pokoj\u016f a proto je zapot\u0159eb\u00ed jim v\u011bnovat pat\u0159i\u010dnou pozornost. Velk\u00e9 obrazy \u010di nevkusn\u011b vyhl\u00ed\u017eej\u00edc\u00ed tapety jsou pomalu vym\u011b\u0148ov\u00e1ny za drobn\u00e1 um\u011bleck\u00e1 d\u00edlka, kter\u00e9 dohromady vytv\u00e1\u0159\u00ed tematickou kol\u00e1\u017e. Sou\u010dasn\u00fdm trend\u016fm v\u00e9vod\u00ed masivn\u00ed \u010dern\u00e9 nebo d\u0159ev\u011bn\u00e9 r\u00e1my.\u00a0\u00a0Pokud ale st\u00e1le t\u00edhnete k\u00a0jednomu centr\u00e1ln\u00edmu obrazu nad pohovkou, vsa\u010fte rad\u011bji na n\u011bco neot\u0159el\u00e9ho, t\u0159eba grafiku m\u00edsto rodinn\u00e9 fotografie. A rovnou zapome\u0148te na motivuj\u00edc\u00ed cit\u00e1ty, kter\u00e9 se dnes s\u00a0ur\u010ditou pravidelnost\u00ed objevuj\u00ed snad v\u00a0ka\u017ed\u00e9m rodinn\u00e9m prost\u0159ed\u00ed. M\u011bjte na pam\u011bti, \u017ee m\u00e9n\u011b znamen\u00e1 n\u011bkdy skute\u010dn\u011b v\u00edce."},{"@context":"https:\/\/schema.org\/","@type":"BreadcrumbList","itemListElement":[{"@type":"ListItem","position":1,"name":"Dekorace do ob\u00fdvac\u00edho pokoje, kter\u00e9 pr\u00e1v\u011b let\u00ed","item":"https:\/\/www.skvelydomov.cz\/dekorace-do-obyvaciho-pokoje-ktere-prave-leti\/#breadcrumbitem"}]}]