[{"@context":"https:\/\/schema.org\/","@type":"Article","@id":"https:\/\/www.skvelydomov.cz\/co-by-nemelo-chybet-v-obyvacim-pokoji\/#Article","mainEntityOfPage":"https:\/\/www.skvelydomov.cz\/co-by-nemelo-chybet-v-obyvacim-pokoji\/","headline":"Co by nem\u011blo chyb\u011bt v ob\u00fdvac\u00edm pokoji","name":"Co by nem\u011blo chyb\u011bt v ob\u00fdvac\u00edm pokoji","description":"M\u00edstem, kde se cel\u00e1 rodina sch\u00e1z\u00ed, b\u00fdv\u00e1 kuchy\u0148, ale st\u0159edem dom\u00e1cnosti, kde se skute\u010dn\u011b setk\u00e1v\u00e1me v\u0161ichni hlavn\u011b kve\u010deru a kde je nav\u00edc nesm\u00edrn\u00e9 pohodl\u00ed, b\u00fdv\u00e1 ob\u00fdvac\u00ed pokoj. V\u011bnujme mu pozornost a sna\u017eme se, aby byl \u00fatuln\u00fd a m\u011bl p\u0159\u00edjemn\u00e9 m\u00edste\u010dko pro ka\u017ed\u00e9ho \u010dlena rodiny. M\u00e1 hlava rodiny v oblib\u011b u\u0161\u00e1k a podno\u017eku na nohy? Nevr\u0165te ... <a title=\"Co by nem\u011blo chyb\u011bt v ob\u00fdvac\u00edm pokoji\" class=\"read-more\" href=\"https:\/\/www.skvelydomov.cz\/co-by-nemelo-chybet-v-obyvacim-pokoji\/\" aria-label=\"V\u00edce na Co by nem\u011blo chyb\u011bt v ob\u00fdvac\u00edm pokoji\">\u010c\u00edst d\u00e1l<\/a>","datePublished":"2020-10-11","dateModified":"2023-05-04","author":{"@type":"Person","@id":"https:\/\/www.skvelydomov.cz\/author\/#Person","name":"","url":"https:\/\/www.skvelydomov.cz\/author\/","image":{"@type":"ImageObject","@id":"https:\/\/secure.gravatar.com\/avatar\/75e4d40f94885f01aa9441f03c1e175b?s=96&d=mm&r=g","url":"https:\/\/secure.gravatar.com\/avatar\/75e4d40f94885f01aa9441f03c1e175b?s=96&d=mm&r=g","height":96,"width":96}},"publisher":{"@type":"Organization","name":"skvelydomov.cz","logo":{"@type":"ImageObject","@id":"\/logo.png","url":"\/logo.png","width":600,"height":60}},"image":{"@type":"ImageObject","@id":"https:\/\/skvelydomov.cz\/wp-content\/uploads\/vysok\u00c3\u00a9 k\u00c5\u0099eslo v ob\u00c3\u00bdvac\u00c3\u00adm pokoji_ABWN7y.jpg","url":"https:\/\/skvelydomov.cz\/wp-content\/uploads\/vysok\u00c3\u00a9 k\u00c5\u0099eslo v ob\u00c3\u00bdvac\u00c3\u00adm pokoji_ABWN7y.jpg","height":"","width":""},"url":"https:\/\/www.skvelydomov.cz\/co-by-nemelo-chybet-v-obyvacim-pokoji\/","about":["Ob\u00fdvac\u00ed pokoj"],"wordCount":441,"articleBody":"M\u00edstem, kde se cel\u00e1 rodina sch\u00e1z\u00ed, b\u00fdv\u00e1 kuchy\u0148, ale st\u0159edem dom\u00e1cnosti, kde se skute\u010dn\u011b setk\u00e1v\u00e1me v\u0161ichni hlavn\u011b kve\u010deru a kde je nav\u00edc nesm\u00edrn\u00e9 pohodl\u00ed, b\u00fdv\u00e1 ob\u00fdvac\u00ed pokoj. V\u011bnujme mu pozornost a sna\u017eme se, aby byl \u00fatuln\u00fd a m\u011bl p\u0159\u00edjemn\u00e9 m\u00edste\u010dko pro ka\u017ed\u00e9ho \u010dlena rodiny. M\u00e1 hlava rodiny v oblib\u011b u\u0161\u00e1k a podno\u017eku na nohy? Nevr\u0165te hlavou a po\u0159i\u010fte mu ho. Mal\u00fdm d\u011btem je jedno, kde budou na seda\u010dce sed\u011bt, vezmou zavd\u011bk ka\u017edou, po kter\u00e9 se mohou bez obav proh\u00e1n\u011bt.&#13; Star\u0161\u00edm d\u011btem nechte vybrat m\u00edsto, kter\u00e9 mo\u017en\u00e1 l\u00e9ty pou\u017e\u00edv\u00e1n\u00ed samo vykrystalizuje. Aby v\u011bd\u011bly, \u017ee maj\u00ed sv\u00e9 jist\u00e9 m\u00edsto, u\u0161ijte jim pol\u0161t\u00e1\u0159ek s motivem, kter\u00fd je pot\u011b\u0161\u00ed. Pokud nejste obda\u0159ena \u0161ic\u00edmi zku\u0161enostmi, nic proti ni\u010demu. Dnes u\u017e m\u016f\u017eete v obchodech s galanteri\u00ed, ve velkoprodejn\u00e1ch s n\u00e1bytkem a bytov\u00fdm dopl\u0148ky koupit pol\u0161t\u00e1\u0159e a dopl\u0148ky, na kter\u00e9 si jen vzpomenete. D\u011bti budou m\u00edt radost, \u017ee na n\u011b mysl\u00edte a budou si jist\u00e9 sv\u00fdm m\u00edstem, kde na n\u011b bude v\u017edycky pol\u0161t\u00e1\u0159 nebo jejich obl\u00edben\u00fd ply\u0161\u00e1k \u010dekat.&#13; V \u017e\u00e1dn\u00e9m ob\u00fdv\u00e1ku by nem\u011bla chyb\u011bt m\u011bkou\u010dk\u00e1 tepl\u00e1 h\u0159ejiv\u00e1 deka a op\u011bt v barv\u00e1ch, kter\u00e9 pot\u011b\u0161\u00ed d\u011btsk\u00e9 oko. Nemus\u00ed v\u0161e v ob\u00fdvac\u00edm pokoji v\u017edy ladit a \u201eza\u0159ez\u00e1vat\u201c. D\u016fle\u017eit\u00fd je dobr\u00fd pocit, spokojen\u00fd \u00fasm\u011bv d\u011bt\u00ed a jejich radostn\u00e9 objet\u00ed. Sedac\u00ed souprava by m\u011bla spl\u0148ovat po\u017eadavky na pohodln\u00e9 sezen\u00ed, p\u0159\u00edpadn\u011b i le\u017een\u00ed. M\u016f\u017ee b\u00fdt l\u00e1tkov\u00e1, ko\u017een\u00e1, s d\u0159ev\u011bn\u00fdmi dopl\u0148ky, ale hlavn\u011b dbejte na to, aby byla \u0161etrn\u00e1 i na \u00fadr\u017ebu. Jestli\u017ee m\u00e1te mal\u00e9 d\u011bti, ur\u010dit\u011b seda\u010dku, i kdy\u017e jste si to nep\u0159\u00e1la, alespo\u0148 do\u010dasn\u011b ukryjte pod p\u0159ehoz, kter\u00fd kdy\u017e dojde \u00fahony, nic se ned\u011bje. Svl\u00e9knete ho a hod\u00edte do pra\u010dky. Pokud d\u011bti uma\u017eou ply\u0161 nebo l\u00e1tku na k\u0159esle, m\u00e1te o z\u00e1bavu postar\u00e1no. K mal\u00fdm d\u011btem do ob\u00fdv\u00e1ku je vhodn\u00fd koberec, a to za p\u0159edpokladu, \u017ee nejsou alergick\u00e9 na prach. Dobrou volbou je i podlahov\u00e9 topen\u00ed, ale p\u0159esto alespo\u0148 mal\u00fd kobere\u010dek, kde si d\u011bti mohou hr\u00e1t, by nem\u011bl chyb\u011bt."},{"@context":"https:\/\/schema.org\/","@type":"BreadcrumbList","itemListElement":[{"@type":"ListItem","position":1,"name":"Co by nem\u011blo chyb\u011bt v ob\u00fdvac\u00edm pokoji","item":"https:\/\/www.skvelydomov.cz\/co-by-nemelo-chybet-v-obyvacim-pokoji\/#breadcrumbitem"}]}]