[{"@context":"https:\/\/schema.org\/","@type":"Article","@id":"https:\/\/www.skvelydomov.cz\/bytova-dekorace-zvyrazni-prazdna-mista\/#Article","mainEntityOfPage":"https:\/\/www.skvelydomov.cz\/bytova-dekorace-zvyrazni-prazdna-mista\/","headline":"Bytov\u00e1 dekorace zv\u00fdrazn\u00ed pr\u00e1zdn\u00e1 m\u00edsta","name":"Bytov\u00e1 dekorace zv\u00fdrazn\u00ed pr\u00e1zdn\u00e1 m\u00edsta","description":"Pod v\u00fdrazem dekorace se d\u00e1 skute\u010dn\u011b p\u0159edstavit mnoho v\u011bc\u00ed. Kv\u011btiny, pam\u00e1tkov\u00e9 p\u0159edm\u011bty, v\u00e1zi\u010dky, r\u016fzn\u00e1 keramika, sb\u00edrka obraz\u016f, sklo, d\u0159evo, mosaz, ale pat\u0159\u00ed sem i r\u016fzn\u00e9 textilie. Je to zkr\u00e1tka tak \u0161irok\u00fd pojem, \u017ee se to ned\u00e1 slovem vyj\u00e1d\u0159it. Jen si m\u016f\u017eeme p\u0159edstavit dva nejv\u011bt\u0161\u00ed sv\u00e1tky v&nbsp;roce, kdy do cel\u00e9ho bytu vn\u00e1\u0161\u00edme v\u00e1no\u010dn\u00ed nebo velikono\u010dn\u00ed n\u00e1ladu. ... <a title=\"Bytov\u00e1 dekorace zv\u00fdrazn\u00ed pr\u00e1zdn\u00e1 m\u00edsta\" class=\"read-more\" href=\"https:\/\/www.skvelydomov.cz\/bytova-dekorace-zvyrazni-prazdna-mista\/\" aria-label=\"V\u00edce na Bytov\u00e1 dekorace zv\u00fdrazn\u00ed pr\u00e1zdn\u00e1 m\u00edsta\">\u010c\u00edst d\u00e1l<\/a>","datePublished":"2019-07-27","dateModified":"2023-05-04","author":{"@type":"Person","@id":"https:\/\/www.skvelydomov.cz\/author\/#Person","name":"","url":"https:\/\/www.skvelydomov.cz\/author\/","image":{"@type":"ImageObject","@id":"https:\/\/secure.gravatar.com\/avatar\/75e4d40f94885f01aa9441f03c1e175b?s=96&d=mm&r=g","url":"https:\/\/secure.gravatar.com\/avatar\/75e4d40f94885f01aa9441f03c1e175b?s=96&d=mm&r=g","height":96,"width":96}},"publisher":{"@type":"Organization","name":"skvelydomov.cz","logo":{"@type":"ImageObject","@id":"\/logo.png","url":"\/logo.png","width":600,"height":60}},"image":{"@type":"ImageObject","@id":"https:\/\/skvelydomov.cz\/wp-content\/uploads\/img_a355621_w3565_t1569830456.jpg","url":"https:\/\/skvelydomov.cz\/wp-content\/uploads\/img_a355621_w3565_t1569830456.jpg","height":"","width":""},"url":"https:\/\/www.skvelydomov.cz\/bytova-dekorace-zvyrazni-prazdna-mista\/","about":["Dekorace"],"wordCount":484,"articleBody":"Pod v\u00fdrazem dekorace se d\u00e1 skute\u010dn\u011b p\u0159edstavit mnoho v\u011bc\u00ed. Kv\u011btiny, pam\u00e1tkov\u00e9 p\u0159edm\u011bty, v\u00e1zi\u010dky, r\u016fzn\u00e1 keramika, sb\u00edrka obraz\u016f, sklo, d\u0159evo, mosaz, ale pat\u0159\u00ed sem i r\u016fzn\u00e9 textilie. Je to zkr\u00e1tka tak \u0161irok\u00fd pojem, \u017ee se to ned\u00e1 slovem vyj\u00e1d\u0159it. Jen si m\u016f\u017eeme p\u0159edstavit dva nejv\u011bt\u0161\u00ed sv\u00e1tky v&nbsp;roce, kdy do cel\u00e9ho bytu vn\u00e1\u0161\u00edme v\u00e1no\u010dn\u00ed nebo velikono\u010dn\u00ed n\u00e1ladu. I tyto dopl\u0148ky, kter\u00e9 n\u00e1m p\u0159ipom\u00ednaj\u00ed v\u00fdznamn\u00e9 sv\u00e1tky, jsou dekorac\u00ed. Kdo vlastn\u00ed k&nbsp;domu zahr\u00e1dku, tak tak\u00e9 vyhled\u00e1v\u00e1 r\u016fzn\u00e9 dekorativn\u00ed p\u0159edm\u011bty, kter\u00e9 zv\u00fdrazn\u00ed pohled na pozemek a sv\u00fdm zp\u016fsobem velmi p\u0159\u00edjemn\u011b dopln\u00ed zele\u0148 nebo cesti\u010dky. Zkr\u00e1tka nic se nem\u00e1 p\u0159eh\u00e1n\u011bt, ale vhodn\u00e1 dekorace pom\u016f\u017ee o\u017eivit ka\u017ed\u00e9 pr\u00e1zdn\u00e9 a smutn\u00e9 m\u00edsto.\tKv\u011btiny jsou velmi \u010dast\u00fdm dopl\u0148kemKytice se hod\u00ed v\u017edy a do ka\u017ed\u00e9ho stylu bydlen\u00ed. Z\u00e1rove\u0148 pr\u00e1v\u011b kv\u011btiny jsou pou\u017e\u00edv\u00e1ny na v\u00fdzdobu p\u0159i r\u016fzn\u00fdch slavnostn\u00edch a zvl\u00e1\u0161tn\u00edch p\u0159\u00edle\u017eitost\u00ed. V&nbsp;podstat\u011b by se dalo \u0159\u00edci, \u017ee ka\u017ed\u00e1 svatba nebo jin\u00e1 spole\u010densk\u00e1 ud\u00e1lost se bez nich neobejde. Pokud se bude jednat o \u010derstvou vazbu, pot\u00e9 j\u00ed p\u0159\u00edslu\u0161\u00ed v\u00e1za. Dokonce i v\u00fdb\u011br v\u00e1zi\u010dek je pom\u011brn\u011b dost pestr\u00fd a tak nemus\u00edme m\u00edt v&nbsp;dom\u00e1cnosti pouze jeden typ. Zaj\u00edmav\u00e9 jsou i vypichovan\u00e9 dekorace, kdy se kv\u011btiny zasad\u00ed do aran\u017eovac\u00ed hmoty. Takov\u00fd styl v\u00fdzdoby je vhodn\u00fd na stoly a v&nbsp;podstat\u011b si takovou dekorativn\u00ed kytici m\u016f\u017eeme vyrobit i sami. Stejn\u011b tak jako su\u0161enou vazbu.\tFloristick\u00e9 dopl\u0148kyV&nbsp;dne\u0161n\u00ed dob\u011b skute\u010dn\u011b nen\u00ed probl\u00e9m si v\u0161e pot\u0159ebn\u00e9 zakoupit, a pokud jen trochu m\u00e1me p\u0159edstavu, jak by n\u00e1\u0161 v\u00fdtvor m\u011bl vypadat, tak se m\u016f\u017eeme sm\u011ble pustit do pr\u00e1ce. Suchou vazbou nebo z\u00e1v\u011bsnou dekorac\u00ed ze such\u00fdch kv\u011btin a plod\u016f si lze zp\u0159\u00edjemnit ka\u017edou m\u00edstnost v&nbsp;byt\u011b. Nav\u00edc r\u016fzn\u00e9 floristick\u00e9 dopl\u0148ky si m\u016f\u017eeme nejen zakoupit, ale rovnou i nasb\u00edrat na sv\u00fdch proch\u00e1zk\u00e1ch lesem, zahradou nebo na louce. Velmi p\u011bkn\u011b vypadaj\u00ed i r\u016fzn\u00e9 su\u0161en\u00e9 druhy tr\u00e1vy, r\u00e1kosu, p\u0159\u00edpadn\u011b dokonce i tak protivn\u00e9ho plevelu. Za pomoci r\u016fzn\u00fdch barev z&nbsp;nich vytvo\u0159\u00edme n\u00e1dhern\u00fd dopln\u011bk, \u017ee n\u00e1m n\u011bkdo t\u011b\u017eko uv\u011b\u0159\u00ed, \u017ee je to odpadn\u00ed materi\u00e1l. Pestr\u00e9 barvy, p\u0159\u00edpadn\u011b v\u016fn\u011b \u010derstv\u00fdch kv\u011btin n\u00e1m zp\u0159\u00edjemn\u00ed chvilky odpo\u010dinku v&nbsp;ka\u017ed\u00e9m ro\u010dn\u00edm obdob\u00ed."},{"@context":"https:\/\/schema.org\/","@type":"BreadcrumbList","itemListElement":[{"@type":"ListItem","position":1,"name":"Bytov\u00e1 dekorace zv\u00fdrazn\u00ed pr\u00e1zdn\u00e1 m\u00edsta","item":"https:\/\/www.skvelydomov.cz\/bytova-dekorace-zvyrazni-prazdna-mista\/#breadcrumbitem"}]}]