[{"@context":"https:\/\/schema.org\/","@type":"Article","@id":"https:\/\/www.skvelydomov.cz\/byt-sviti-vanocemi\/#Article","mainEntityOfPage":"https:\/\/www.skvelydomov.cz\/byt-sviti-vanocemi\/","headline":"Byt sv\u00edt\u00ed V\u00e1nocemi","name":"Byt sv\u00edt\u00ed V\u00e1nocemi","description":"V\u00e1noce jsou sv\u00e1tky klidu a m\u00edru. Jak \u010dasto sl\u00fdch\u00e1v\u00e1me tato slova, ale v\u016fbec se jimi ne\u0159\u00edd\u00edme. Jen\u017ee okolnosti cht\u011bly, abychom se letos zastavili a p\u0159estali sp\u011bchat. T\u00edm sp\u00ed\u0161e m\u00e1me v\u00edce \u010dasu za v\u00fdzdobu bytu kr\u00e1sn\u00fdmi sv\u00e1te\u010dn\u00edmi v\u00e1no\u010dn\u00edmi dekoracemi. Na z\u00e1clony nav\u011bste zelen\u00e9 v\u011bne\u010dky se st\u0159\u00edbrn\u00fdmi ma\u0161li\u010dkami, po byt\u011b rozestavte dal\u0161\u00ed p\u0159edm\u011bty, kter\u00e9 maj\u00ed u\u017e i ... <a title=\"Byt sv\u00edt\u00ed V\u00e1nocemi\" class=\"read-more\" href=\"https:\/\/www.skvelydomov.cz\/byt-sviti-vanocemi\/\" aria-label=\"V\u00edce na Byt sv\u00edt\u00ed V\u00e1nocemi\">\u010c\u00edst d\u00e1l<\/a>","datePublished":"2020-12-27","dateModified":"2023-05-04","author":{"@type":"Person","@id":"https:\/\/www.skvelydomov.cz\/author\/#Person","name":"","url":"https:\/\/www.skvelydomov.cz\/author\/","image":{"@type":"ImageObject","@id":"https:\/\/secure.gravatar.com\/avatar\/75e4d40f94885f01aa9441f03c1e175b?s=96&d=mm&r=g","url":"https:\/\/secure.gravatar.com\/avatar\/75e4d40f94885f01aa9441f03c1e175b?s=96&d=mm&r=g","height":96,"width":96}},"publisher":{"@type":"Organization","name":"skvelydomov.cz","logo":{"@type":"ImageObject","@id":"\/logo.png","url":"\/logo.png","width":600,"height":60}},"image":{"@type":"ImageObject","@id":"https:\/\/skvelydomov.cz\/wp-content\/uploads\/osv\u00c4\u009btlen\u00c3\u00bd v\u00c3\u00a1no\u00c4\u008dn\u00c3\u00ad stromek_Ac9wsL.jpg","url":"https:\/\/skvelydomov.cz\/wp-content\/uploads\/osv\u00c4\u009btlen\u00c3\u00bd v\u00c3\u00a1no\u00c4\u008dn\u00c3\u00ad stromek_Ac9wsL.jpg","height":"","width":""},"url":"https:\/\/www.skvelydomov.cz\/byt-sviti-vanocemi\/","about":["Dekorace"],"wordCount":432,"articleBody":"V\u00e1noce jsou sv\u00e1tky klidu a m\u00edru. Jak \u010dasto sl\u00fdch\u00e1v\u00e1me tato slova, ale v\u016fbec se jimi ne\u0159\u00edd\u00edme. Jen\u017ee okolnosti cht\u011bly, abychom se letos zastavili a p\u0159estali sp\u011bchat. T\u00edm sp\u00ed\u0161e m\u00e1me v\u00edce \u010dasu za v\u00fdzdobu bytu kr\u00e1sn\u00fdmi sv\u00e1te\u010dn\u00edmi v\u00e1no\u010dn\u00edmi dekoracemi. Na z\u00e1clony nav\u011bste zelen\u00e9 v\u011bne\u010dky se st\u0159\u00edbrn\u00fdmi ma\u0161li\u010dkami, po byt\u011b rozestavte dal\u0161\u00ed p\u0159edm\u011bty, kter\u00e9 maj\u00ed u\u017e i va\u0161\u00ed rodinnou historii. Obr\u00e1zky, kter\u00e9 v\u00e1m darovaly vloni pod v\u00e1no\u010dn\u00ed strome\u010dek va\u0161e ratolesti anebo ty, kter\u00e9 kreslily s&nbsp;v\u00e1no\u010dn\u00ed tematikou, nebo jejich v\u00fdrobky je\u017e tvo\u0159ili s&nbsp;pan\u00ed u\u010ditelkou jako d\u00e1rky pro maminku a tat\u00ednka.D\u011bti budou py\u0161n\u00e9, kdy\u017e uvid\u00ed sv\u00e1 vlastnoru\u010dn\u011b vytvo\u0159en\u00e1 d\u00edla, kter\u00e1 zauj\u00edmaj\u00ed p\u0159edn\u00ed m\u00edsta ve va\u0161\u00ed dom\u00e1cnosti. Nezapome\u0148te jimi vyzdobit i jejich d\u011btsk\u00fd pokoj. K&nbsp;v\u00e1no\u010dn\u00ed v\u00fdzdob\u011b neodmysliteln\u011b pat\u0159\u00ed zdoben\u00e9 sv\u00edcny, kter\u00e9 zapalujeme v&nbsp;podve\u010dern\u00edch hodin\u00e1ch, aby vyd\u00e1valy mihotav\u00e9 plam\u00ednky s&nbsp;kouzlem p\u0159ipom\u00ednaj\u00edc\u00ed kr\u00e1sn\u00e9 sv\u00e1tky. Na stole nesm\u00ed chyb\u011bt adventn\u00ed v\u011bnec. V&nbsp;obchodech je spousta r\u016fzn\u00fdch druh\u016f, je jen na v\u00e1s, jak\u00fd zvol\u00edte a jak\u00fd v\u00e1m padne do oka.Nemus\u00edte se zrovna \u0159\u00eddit trendy, kter\u00e9 ur\u010duj\u00ed, v&nbsp;jak\u00e9m stylu se budou leto\u0161n\u00ed v\u00e1no\u010dn\u00ed sv\u00e1tky \u0159\u00eddit. Jestli to bude ocelov\u011b st\u0159\u00edbrn\u00e1, bled\u011b modr\u00e1, nebo v&nbsp;modern\u00edm, \u010di sp\u00ed\u0161e p\u0159\u00edrodn\u00edm stylu. Nezkoumejte, jak spr\u00e1vn\u011b dekorovat v\u00e1no\u010dn\u00ed strome\u010dek, nesledujte, jestli ka\u017ed\u00e1 ozdobi\u010dka dokonale lad\u00ed.Nechte promluvit sv\u00e9 srdce a tvo\u0159te podle sv\u00e9ho ducha. Podstatn\u00e9 je to, \u017ee v\u00e1\u0161 domov bude d\u00fdchat l\u00e1skou, vst\u0159\u00edcnost\u00ed, l\u00e1skypln\u00fdm \u00fasm\u011bvem. D\u011bti miluj\u00ed sv\u011bt\u00fdlka, dop\u0159ejte jim je, V\u00e1noce jsou jen jedenkr\u00e1te do roka. Teprve v\u00e1no\u010dn\u00ed osv\u011btlen\u00ed vytv\u00e1\u0159\u00ed prav\u00e9 sv\u00e1tky. A vyzdobit jimi m\u016f\u017eete okna, ov\u011bsit z\u00e1bradl\u00ed, decentn\u011b osv\u011btlit byt anebo jimi vyzdobit zahradu. Ur\u010dit\u011b se u v\u00e1s na zahrad\u011b najde vzrostl\u00fd strom, kter\u00fd spolu s&nbsp;d\u011btmi m\u016f\u017eete ozdobit nejen bly\u0161tiv\u00fdmi ozdobami, ale z\u00e1rove\u0148 i sv\u011bteln\u00fdmi \u0159et\u011bzy. A sv\u00edt\u00edc\u00ed sobi, sn\u011bhul\u00e1ci, and\u011bl\u00e9? To u\u017e nech\u00e1me na v\u00e1s."},{"@context":"https:\/\/schema.org\/","@type":"BreadcrumbList","itemListElement":[{"@type":"ListItem","position":1,"name":"Byt sv\u00edt\u00ed V\u00e1nocemi","item":"https:\/\/www.skvelydomov.cz\/byt-sviti-vanocemi\/#breadcrumbitem"}]}]